{"id":15,"date":"2008-09-23T21:44:03","date_gmt":"2008-09-23T20:44:03","guid":{"rendered":"http:\/\/www.osvaldo.com\/blog\/?p=15"},"modified":"2018-12-07T07:02:06","modified_gmt":"2018-12-07T11:02:06","slug":"la-musica-como-propagadora-de-la-cultura-de-paz","status":"publish","type":"post","link":"https:\/\/www.osvaldo.com\/blog\/la-musica-como-propagadora-de-la-cultura-de-paz\/","title":{"rendered":"La M\u00fasica como Propagadora de la Cultura de Paz"},"content":{"rendered":"<p style=\"text-align: left;\">Por: Osvaldo Burgos Garc\u00eda, Mayo 2008<\/p>\n<p style=\"text-align: right;\"><em>A mi hermano Jos\u00e9 Carlos,<br \/>\nquien me abri\u00f3 los o\u00eddos a parte de la m\u00fasica que ac\u00e1 menciono<\/em><\/p>\n<p align=\"right\">\n<p align=\"right\">\u201cS\u00f3lo queremos un chance a la paz\u201d<br \/>\nJohn Lennon<\/p>\n<p align=\"justify\">El 16 de marzo de 2008, siete m\u00fasicos fueron noticia en buena parte de los medios de comunicaci\u00f3n del mundo. Los colombianos Juanes y Carlos Vives, el venezolano Ricardo Montaner, los espa\u00f1oles Alejandro Sanz y Miguel Bos\u00e9, el ecuatoriano Juan Fernando Velasco y el dominicano Juan Luis Guerra se dieron cita en el Puente Internacional Sim\u00f3n Bol\u00edvar, para dar un concierto por la paz.<\/p>\n<p align=\"justify\">El evento fue organizado por Juanes, como una iniciativa de uni\u00f3n entre los pueblos de Colombia, Ecuador y Venezuela frente a la creciente tensi\u00f3n generada por la incursi\u00f3n del ej\u00e9rcito colombiano dentro del territorio ecuatoriano al bombardear el d\u00eda primero de marzo una columna de las \u201cFuerzas Armadas Revolucionarias de Colombia\u201d (FARC), lo cual trajo como saldo la muerte de 17 guerrilleros colombianos, 4 estudiantes mexicanos y un ciudadano ecuatoriano. Entre los fallecidos se encontraba Ra\u00fal Reyes, el segundo l\u00edder m\u00e1s importante de ese grupo armado. Para brindar su apoyo formal a Ecuador y a las FARC, como respuesta a esa acci\u00f3n militar, el Presidente de Venezuela, Hugo Ch\u00e1vez, quien ven\u00eda fungiendo con tropiezos desde 2007 como facilitador internacional para la liberaci\u00f3n de rehenes secuestrados por el grupo guerrillero, p\u00fablicamente, a trav\u00e9s de su programa de televisi\u00f3n dominical, mand\u00f3 a retirar todo el personal diplom\u00e1tico de la embajada venezolana en Bogot\u00e1 y le pidi\u00f3 a su Ministro de la Defensa que movilizara 10 batallones a la frontera colombo-venezolana.<\/p>\n<p align=\"justify\">Luego de dimes y diretes por parte de los tres gobiernos, una semana despu\u00e9s, gracias a la intervenci\u00f3n de Leonel Fern\u00e1ndez, presidente de Rep\u00fablica Dominicana, los presidentes de Colombia, Ecuador y Venezuela se daban la mano en la XX Cumbre del Grupo de R\u00edo en Santo Domingo. Adem\u00e1s, el mismo d\u00eda el cantante Juanes anunciaba p\u00fablicamente su intenci\u00f3n de hacer el concierto en el puente Sim\u00f3n Bol\u00edvar que une a Venezuela con Colombia. Pocos d\u00edas despu\u00e9s del anuncio, cerca de 300.000 personas provenientes tanto de Colombia como de Venezuela tuvieron la oportunidad de asistir a un hist\u00f3rico concierto con figuras de los tres pa\u00edses involucrados en el conflicto, adem\u00e1s de Espa\u00f1a y la Rep\u00fablica Dominicana, donde en palabras del propio Juanes, mostraban \u201cque somos hermanos y que rechazamos todo tipo de violencia para levantar una sola bandera, la de la paz\u201d (<a href=\"http:\/\/www.eluniversal.com\/2008\/03\/11\/til_ava_juanes-y-sus-amigos_11A1424079.shtml\"><span style=\"color: #473624;\">El Universal, 12-03-2008<\/span><\/a>).<\/p>\n<p align=\"justify\">En un mundo donde las comunicaciones satelitales son instant\u00e1neas, donde la red internet entreteje las ideas que surcan de un rinc\u00f3n a otro de la tierra, donde los presidentes dan \u00f3rdenes para movilizar tropas \u201cen directo\u201d a trav\u00e9s de la televisi\u00f3n, y los m\u00fasicos se manifiestan pol\u00edticamente con enorme cobertura medi\u00e1tica, las guerras no s\u00f3lo se libran en el territorio geogr\u00e1fico.<\/p>\n<p align=\"justify\"><strong>El territorio de la opini\u00f3n p\u00fablica<\/strong><\/p>\n<p align=\"justify\">La pel\u00edcula norteamericana de 1997 \u201cWak the Dog\u201d, dirigida por Barry Levinson, muestra a un presidente de los Estados Unidos que est\u00e1 por enfrentarse a un proceso de reelecci\u00f3n y justo una semana antes de los comicios es denunciado por abuso sexual a una menor. Sus asesores comunicacionales contratan a un productor cinematogr\u00e1fico de Hollywood para simular ante la prensa una guerra ficticia en Albania y de esta manera que se olvidara por unos d\u00edas el tema del abuso sexual de la agenda de los medios de comunicaci\u00f3n social. En un momento de la pel\u00edcula, aparece en las noticias que \u201cla crisis de Albania ha sido superada y por tanto reina la paz\u201d. Decepcionado porque el giro informativo resultaba inconveniente para sus fines, uno de los asesores presidenciales dice resignado \u201cya no tenemos nada que hacer, el conflicto termin\u00f3. Lo vi en televisi\u00f3n\u201d. El productor cinematogr\u00e1fico dice \u201cNo. Toda guerra tiene su h\u00e9roe\u201d e inventan una historia sobre un soldado que fue capturado por el enemigo para de esta manera lograr una vez m\u00e1s que los medios desv\u00eden su atenci\u00f3n del esc\u00e1ndalo sexual. Este ejemplo definitivamente sat\u00edrico, es un reflejo de c\u00f3mo hoy en d\u00eda muchas guerras se libran en el territorio de la opini\u00f3n p\u00fablica. Toda persona o grupo que ostente alguna cuota de poder, quiere mantenerlo o hacer que sea mayor y en un mundo globalizado como el de hoy, esto s\u00f3lo es posible gracias a la palestra p\u00fablica que ofrecen, queramos o no, los medios de masas.<\/p>\n<p align=\"justify\">Los medios se convierten entonces en un crisol de ideolog\u00edas donde los intereses personales y grupales van y vienen mientras muchas fuerzas diferentes est\u00e1n tratando de lograr su propia hegemon\u00eda, algunas de esas fuerzas est\u00e1n conformadas por, o cuentan con, sus propios medios. Mientras tanto, en la audiencia, que no es nada pasiva, cada sujeto est\u00e1 tratando de mantener su propia identidad a la vez que comparte con los dem\u00e1s los innumerables temas a los que se expone a diario a trav\u00e9s de la radio, la televisi\u00f3n, la prensa o el internet, molde\u00e1ndose las conciencias colectivas e individuales y dibujando y redibujando los espacios culturales.<\/p>\n<p align=\"justify\">James Lull (1997: 234) establece la ideolog\u00eda como \u201csistema de ideas expresado en la comunicaci\u00f3n\u201d. El planteamiento es que en todo intercambio comunicacional subyace un contenido ideol\u00f3gico, un sistema de ideas que se fundamenta en los valores del emisor del mensaje, sea una persona o grupo, y lo define como un actor social. Dicho sistema de ideas no necesariamente tiene que ver con una doctrina econ\u00f3mico-pol\u00edtica (capitalismo o socialismo) aunque cuando se habla de ideolog\u00eda capitalista o socialista \u201cse est\u00e1 llamando la atenci\u00f3n hacia los valores y las pr\u00e1cticas del capitalismo y del socialismo como esquemas pol\u00edticos, econ\u00f3micos y culturales m\u00e1s bien construidos y representados que naturales y evidentes por s\u00ed mismos\u00bb (Lull, 1997: 21). Por su parte, la conciencia es definida por este mismo autor como \u00abla esencia o la totalidad de las actitudes, opiniones y sensibilidades defendidas por individuos o grupos\u201d (Lull, 1997: 230).<\/p>\n<p align=\"justify\">En lo que se refiere a hegemon\u00eda, el mismo Lull la define como el \u201cproceso mediante el cual se transmite la ideolog\u00eda dominante, se forma la conciencia y se ejerce el poder social\u201d (1997: 233). Al respecto, el autor complementa diciendo que \u201cla hegemon\u00eda depende menos de la manipulaci\u00f3n directa de las personas contra sus propios intereses que del hecho de que los actores sociales acepten como normal su estatus de subordinado\u201d.<\/p>\n<p align=\"justify\">Entonces, partiendo del contexto donde m\u00faltiples fuerzas de poder est\u00e1n diseminando sus sistemas de ideas a trav\u00e9s de los medios de comunicaci\u00f3n social, tratando de que estas logren un lugar de privilegio en las conciencias de sus audiencias y as\u00ed lograr la hegemon\u00eda, dichos medios se convierten en agentes de mediaci\u00f3n tecnol\u00f3gica, mientras que los individuos que conforman la audiencia permanentemente est\u00e1n contrastando entre s\u00ed el contenido recibido a trav\u00e9s de los medios, gener\u00e1ndose entonces un proceso de mediaci\u00f3n tanto tecnol\u00f3gica como social (Lull, 1997: 23). En Mart\u00edn-Barbero (1987:203) se plantean las mediaciones como \u00ablas articulaciones entre pr\u00e1cticas de comunicaci\u00f3n y movimientos sociales\u00bb as\u00ed como diferentes temporalidades y pluralidad de matrices culturales.<\/p>\n<p align=\"justify\"><strong>Comunicaci\u00f3n para la Paz<\/strong><\/p>\n<p align=\"justify\">La investigadora Clemencia Rodr\u00edguez (2004), de la Universidad de Oklahoma, partiendo de sus an\u00e1lisis dentro de los conflictos en Colombia, establece dos visiones diferentes en lo que se refiere a la comunicaci\u00f3n para promover una cultura de paz: por una parte el enfoque \u201cepidemiol\u00f3gico\u201d y por otra parte el de \u201ctejido social\u201d. Seg\u00fan ella, el primero \u201cconcibe las situaciones de violencia social y pol\u00edtica como resultado de una \u00abenfermedad\u00bb que afecta a una comunidad espec\u00edfica, en un momento dado\u201d (Rodr\u00edguez, 2004: 1). Partiendo de all\u00ed, las campa\u00f1as de comunicaci\u00f3n para la paz se elaboran como una suerte de vacuna, emitiendo mensajes pre-elaborados con los que se busca lograr un cambio actitudinal en las personas de la comunidad cuya postura inicial representa un posible foco de violencia. Los mensajes entonces parten de \u201ccomportamientos deseables\u201d fijados por expertos que buscan establecer modelos a seguir, para lo que com\u00fanmente suelen trabajar dentro de una estructura de edu-entretenimiento.<\/p>\n<p align=\"justify\">El enfoque del tejido social en cambio, asume la violencia como producto de un sinn\u00famero de factores, entre los que se encuentran la d\u00e9bil presencia del Estado, la distribuci\u00f3n poco equitativa de los recursos, la corrupci\u00f3n de los funcionarios p\u00fablicos, la impunidad y la presencia de econom\u00edas ilegales como el narcotr\u00e1fico. \u201cTodos estos factores, actuando conjuntamente, erosionan el tejido social y normalizan una cultura individualista, de desconfianza en la ley, miedo y aislamiento, exclusi\u00f3n de las diferencias y falta de solidaridad entre los individuos\u201d (Rodr\u00edguez, 2004: 2). Partiendo de ese contexto, surgen iniciativas que buscan la reconstrucci\u00f3n del tejido social propiciando espacios de comunicaci\u00f3n colectiva donde los individuos puedan alcanzar metas en conjunto bajo una perspectiva de solidaridad y respeto mutuo.<\/p>\n<p align=\"justify\">De estas dos posturas, seg\u00fan Rodr\u00edguez es la segunda la que puede traer mejores resultados dentro de una comunidad pero dichos resultados se logran a largo plazo, ya que el cambio de actitud se logra mediante un proceso vivencial y no bajo una perspectiva de manipulaci\u00f3n de la conducta. Vale la pena en este caso citar a Lull:<\/p>\n<blockquote>\n<p align=\"justify\">\u00abNinguna persona individual, ni grupo social, ni instituci\u00f3n transmite una ideolog\u00eda de un modo tan atractivo y continuo como lo hacen los medios de comunicaci\u00f3n masiva. Con todo, a pesar de ese asombroso poder, las personas no se dejan influir irreflexivamente por las representaciones medi\u00e1ticas de las posiciones pol\u00edticas, de los anuncios publicitarios u otras esferas ideol\u00f3gicas. En \u00faltima instancia, en ning\u00fan contexto pol\u00edtico, econ\u00f3mico y cultural los sistemas de imagen ideacionales y mediacionales son unidades perfectas ni las personas son tontos imitadores. En ning\u00fan caso la conciencia individual y la conciencia colectiva son simplemente un producto de la representaci\u00f3n ideol\u00f3gica o de la influencia tecnol\u00f3gica\u00bb (Lull, 1997: 50).<\/p>\n<\/blockquote>\n<p align=\"justify\">As\u00ed, el enfoque \u201cepidemiol\u00f3gico\u201d puede lograr resultados solo en aquellos casos donde existe de antemano una propensi\u00f3n por parte del target de las campa\u00f1as a cambiar la actitud. De lo contrario, este camino se hace muy cuesta arriba para lograr cambios profundos y por ende duraderos.<\/p>\n<p><strong>La M\u00fasica como forma de Comunicaci\u00f3n<\/strong><\/p>\n<p align=\"justify\">As\u00ed como el hombre es un ser social, gregario por naturaleza, tambi\u00e9n es musical. Desde los albores de la humanidad la m\u00fasica nos ha acompa\u00f1ado en nuestras alegr\u00edas y tristezas, en nuestras oraciones y en el trabajo. Ya sea de forma individual o de forma colectiva, la especie humana ha contado siempre con una banda sonora que le ha servido para la cohesi\u00f3n grupal o para expresar desacuerdos, para expresar sentimientos\u2026 en fin, para expresar y asumir su conciencia particular o social. De esta manera, la m\u00fasica juega un rol preponderante dentro de nuestras vidas.<\/p>\n<blockquote>\n<p align=\"justify\">\u201cLa m\u00fasica est\u00e1 en el coraz\u00f3n mismo del proceso intercultural de unir a las personas. Desde los primeros d\u00edas de la humanidad, las actividades musicales han sido desarrolladas como herramientas para el entrenamiento y el desarrollo de la capacidad humana para la comunicaci\u00f3n, la interacci\u00f3n social y la interacci\u00f3n democr\u00e1tica en todos los niveles. El secreto de esta inusual capacidad de un medio art\u00edstico descansa en la innata y universal musicalidad del hombre\u201d (Skyllstad, 2004:4).<\/p>\n<\/blockquote>\n<p align=\"justify\">La m\u00fasica est\u00e1 llena de significados. Por una parte, est\u00e1 lo que el m\u00fasico quiere expresar cuando la crea. Si se trata de una canci\u00f3n, por ejemplo, la letra tendr\u00e1 un significado explicito por lo que el contenido de la pieza ser\u00e1 interpretado m\u00e1s o menos de forma similar por cada persona que la escuche. Sin embargo, el uso de esa canci\u00f3n como producto cultural establecer\u00e1 otros significados diferentes dependiendo de las vivencias y experiencias personales o grupales que cada persona haya tenido con esa canci\u00f3n. De este modo la carga simb\u00f3lica de la pieza no se encuentra s\u00f3lo en lo que el m\u00fasico pretendi\u00f3 expresar al crearla sino tambi\u00e9n en la experiencia individual o colectiva de aquel que la escucha.<\/p>\n<p align=\"justify\">Al respecto indica Cook (2001: 104): \u201c\u2026 el contenido real de la m\u00fasica \u00ad\u2013la disposici\u00f3n de los puntos en la p\u00e1gina\u00ad\u2013 no s\u00f3lo refleja, sino tambi\u00e9n contribuye a la naturaleza de la sociedad, al modo en que las personas se relacionan entre s\u00ed\u201d. Como un ejemplo especial de esta afirmaci\u00f3n, Cook utiliza el himno nacional de Sur\u00e1frica despu\u00e9s del fin del Apartheid, \u201cNkosi Sikelel\u2019i Africa\u201d. Seg\u00fan ese autor, esta canci\u00f3n fue cantada por muchos a\u00f1os como un acto de rebeld\u00eda en contra del r\u00e9gimen segregacionista y \u201cahora resuena con las esperanzas y aspiraciones, y los temores, de los nuevos sudafricanos y sus simpatizantes en el mundo\u201d (Cook, 2001:104).<\/p>\n<p align=\"justify\">La canci\u00f3n, al escucharla, nos hace pensar en Sud\u00e1frica, pero tambi\u00e9n, continuando con el ejemplo de Cook (2001), posee un significado que surge del acto de interpretarla. \u201cPor medio de su construcci\u00f3n arm\u00f3nica, semejante a una sucesi\u00f3n de bloques, y su fraseo regular, \u201cNkosi Sikelel\u2019i Africa\u201d crea una sensaci\u00f3n de dependencia mutua, sin que ninguna parte vocal predomine sobre el resto\u201d (Cook, 2001: 105).<\/p>\n<blockquote>\n<p align=\"justify\">\u201cEstamos [\u2026] en el punto de contacto entre las tradiciones europeas de la armon\u00eda \u201cconvencional\u201d y las tradiciones africanas de canto comunitario, lo que le otorga un car\u00e1cter global que resulta absolutamente adecuado para las aspiraciones de la nueva Sud\u00e1frica. De todos estos modos, \u201cNkosi Sikelel\u2019i Africa\u201d va mucho m\u00e1s all\u00e1 de representar simplemente la nueva Sud\u00e1frica. Vali\u00e9ndose de la m\u00fasica para moldear la identidad personal, \u201cNkosi Sikelel\u2019i Africa\u201d contribuye activamente a la construcci\u00f3n de la comunidad que es la nueva Sud\u00e1frica. En este sentido, cantarlo es un acto pol\u00edtico\u201d (Cook, 2001: 105).<\/p>\n<\/blockquote>\n<p align=\"center\"><iframe loading=\"lazy\" src=\"http:\/\/www.youtube.com\/embed\/BYQKV05GWw8\" width=\"420\" height=\"315\" frameborder=\"0\" allowfullscreen=\"allowfullscreen\"><\/iframe><br \/>\n<span style=\"font-size: 85%; font-family: courier new;\"><span style=\"font-size: x-small;\">En 1987, Paul Simon cerr\u00f3 su concierto en Zimbabue<br \/>\na favor de la apertura \u00e9tnica en Sud\u00e1frica<br \/>\ncantando \u201cNkosi Sikelel\u2019i Africa<\/span><\/span><\/p>\n<p align=\"justify\">La m\u00fasica es entonces una forma simb\u00f3lica de comunicaci\u00f3n (Lewis, 1992: 134). As\u00ed, vemos como toda pareja tiene su canci\u00f3n de amor, hay personas que, sin ser necesariamente m\u00fasicos, dicen que tienen \u201csu\u201d canci\u00f3n, cuando salimos de viaje en ocasiones ocurre que tenemos una \u201ccanci\u00f3n del viaje\u201d y cada causa tiene su himno.<\/p>\n<p align=\"justify\">Lewis (1992) plantea que la m\u00fasica puede ser un grito de guerra, un lema, una forma de protesta alrededor de la cual podemos reunirnos para manifestar una injusticia social, puede fungir tambi\u00e9n como una placa de identidad, una forma de mostrarle a los dem\u00e1s o a nosotros mismos a qu\u00e9 grupos pertenecemos o aspiramos pertenecer. En concreto, Lewis (1992: 135) plantea que la m\u00fasica es un sistema ordenado de significados y un conjunto de s\u00edmbolos para la participaci\u00f3n en la interacci\u00f3n social.<\/p>\n<p align=\"justify\">De este modo, es posible usar la m\u00fasica, premeditadamente o no, como un elemento de cohesi\u00f3n grupal. La m\u00fasica sirve como catalizador para la diseminaci\u00f3n de ideas y de esta manera, se ha usado en m\u00faltiples ocasiones como propagadora de ideas de paz.<\/p>\n<p align=\"justify\">As\u00ed, adem\u00e1s del ejemplo planteado al inicio de este art\u00edculo, podemos mencionar algunos otros:<\/p>\n<ul>\n<li>El proceso de protestas desarrollado en los Estados Unidos en contra de la Guerra de Vietnam a finales de la d\u00e9cada de los 60 y principios de la de los 70, que tuvo como uno de sus momentos m\u00e1s expresivos el megaconcierto de Woodstock, el cual aunque fue organizado por empresarios con fines de lucro, termin\u00f3 convirti\u00e9ndose en el \u00edcono m\u00e1s representativo de la contracultura hippie.<\/li>\n<\/ul>\n<p align=\"center\"><object width=\"425\" height=\"344\" classid=\"clsid:d27cdb6e-ae6d-11cf-96b8-444553540000\" codebase=\"http:\/\/download.macromedia.com\/pub\/shockwave\/cabs\/flash\/swflash.cab#version=6,0,40,0\"><param name=\"src\" value=\"http:\/\/www.youtube.com\/v\/I-NRriHlLUk&amp;hl=\" \/><embed type=\"application\/x-shockwave-flash\" width=\"425\" height=\"344\" src=\"http:\/\/www.youtube.com\/v\/I-NRriHlLUk&amp;hl=\" \/><\/object><br \/>\n<span style=\"font-size: x-small;\"><span style=\"font-size: 85%; font-family: courier new;\"><em>\u00abGive Peace a Chance\u00bb<\/em> de John Lennon,<\/span><span style=\"font-size: 85%; font-family: courier new;\">se convirti\u00f3 en un himno para los j\u00f3venes manifestando en contra de la Guerra de Vietnam en todo el mundo y todav\u00eda hoy se canta en protestas por la paz<\/span><\/span><\/p>\n<ul>\n<li>En 1978 Jamaica se encontraba en una situaci\u00f3n de fuertes conflictos pol\u00edticos. M\u00faltiples hechos sangrientos hab\u00edan ocurrido desde el a\u00f1o anterior en medio de la campa\u00f1a por elecciones adelantadas. Para promover la paz, el 22 de abril varios m\u00fasicos entre los que estaba Bob Marley ofrecieron un concierto en el Estadio Nacional de Kingston al que asistieron el Primer Ministro Michael Manley del Partido Nacional del Pueblo y su principal opositor, Edward Seaga, del Partido Laborista de Jamaica. En el momento m\u00e1s euf\u00f3rico de la canci\u00f3n <em>\u00abJammin\u00bb<\/em>, Marley, improvisando al cantar, persuadi\u00f3 a los dos l\u00edderes para que subieran al escenario y se dieran la mano.\n<p align=\"center\"><iframe loading=\"lazy\" src=\"http:\/\/www.youtube.com\/embed\/Reo5hD-dEYM\" width=\"560\" height=\"315\" frameborder=\"0\" allowfullscreen=\"allowfullscreen\"><\/iframe><br \/>\n<span style=\"font-size: 85%; font-family: courier new;\"><span style=\"font-size: x-small;\">1978: Bob Marley persuade al Primer Ministro de Jamaica y al principal l\u00edder opositor a que se den la mano en un gesto de paz<\/span><\/span><\/p>\n<\/li>\n<li>En 1985, a ra\u00edz de la hambruna que se hab\u00eda desatado en algunas regiones de \u00c1frica, dos iniciativas musicales surgieron para tratar de ayudar a las v\u00edctimas de ese continente. Por una parte, \u201cUSA for Africa\u201d, una reuni\u00f3n de 45 de los m\u00e1s reconocidos cantantes o m\u00fasicos en los Estados Unidos, grabaron el tema <em>\u201cWe are the world\u201d<\/em> y por la otra Live Aid, un multitudinario concierto que tuvo lugar en Londres y Philadelphia de manera simult\u00e1nea. Los fondos de ambas iniciativas fueron destinados al env\u00edo de alimentos y medicinas a las v\u00edctimas de las hambruna.<\/li>\n<\/ul>\n<p align=\"center\"><object width=\"480\" height=\"385\" classid=\"clsid:d27cdb6e-ae6d-11cf-96b8-444553540000\" codebase=\"http:\/\/download.macromedia.com\/pub\/shockwave\/cabs\/flash\/swflash.cab#version=6,0,40,0\"><param name=\"allowFullScreen\" value=\"true\" \/><param name=\"allowscriptaccess\" value=\"always\" \/><param name=\"src\" value=\"http:\/\/www.youtube.com\/v\/-NA_fQY1vN0?fs=1&amp;hl=es_ES\" \/><embed type=\"application\/x-shockwave-flash\" width=\"480\" height=\"385\" src=\"http:\/\/www.youtube.com\/v\/-NA_fQY1vN0?fs=1&amp;hl=es_ES\" allowscriptaccess=\"always\" allowfullscreen=\"allowfullscreen\" \/><\/object><br \/>\n<span style=\"font-size: 85%; font-family: courier new;\"><span style=\"font-size: x-small;\">USA for Africa: We are the world <\/span><\/span><\/p>\n<ul>\n<li>\n<div>Paul Simon, en 1986 grab\u00f3 parte del disco Graceland en Sur\u00e1frica usando m\u00fasicos africanos y estadounidenses. Tanto ese \u00e1lbum, como el posterior concierto realizado en Zimbabue se convirtieron en elementos de gran presi\u00f3n en todo el mundo contra el sistema de segregaci\u00f3n racial surafricano conocido como Apartheid. La grabaci\u00f3n gan\u00f3 el premio Grammy como \u00e1lbum del a\u00f1o. Entre tanto, m\u00fasicos de todo el mundo estaban publicando canciones de apoyo a la causa antiapartheid. El salsero paname\u00f1o Rub\u00e9n Blades grab\u00f3 en 1985 la canci\u00f3n <em>\u201cMu\u00e9vete\u201d<\/em> donde expl\u00edcitamente hac\u00eda un llamado en contra del Apartheid y del racismo.<\/div>\n<\/li>\n<\/ul>\n<p align=\"center\"><object width=\"425\" height=\"344\" classid=\"clsid:d27cdb6e-ae6d-11cf-96b8-444553540000\" codebase=\"http:\/\/download.macromedia.com\/pub\/shockwave\/cabs\/flash\/swflash.cab#version=6,0,40,0\"><param name=\"src\" value=\"http:\/\/www.youtube.com\/v\/ZWfYew3s_Nw&amp;hl=\" \/><embed type=\"application\/x-shockwave-flash\" width=\"425\" height=\"344\" src=\"http:\/\/www.youtube.com\/v\/ZWfYew3s_Nw&amp;hl=\" \/><\/object><br \/>\n<span style=\"font-size: x-small;\"><span style=\"font-size: 85%; font-family: courier new;\">Rub\u00e9n Blades: Mu\u00e9vete <\/span><br \/>\n<\/span><\/p>\n<ul>\n<li>De forma m\u00e1s reciente, entre 2005 y 2006 el m\u00fasico Irland\u00e9s Bono, de la banda U2, durante el \u201cVertigo Tour\u201d ha hecho llamamientos al p\u00fablico para presionar a los l\u00edderes del mundo para acabar con la pobreza extrema, creando mecanismos de mensajes telef\u00f3nicos para ganar adeptos a esa causa. El llamamiento, que sol\u00eda hacerlo antes de la canci\u00f3n <em>\u00abOne\u00bb<\/em> qued\u00f3 grabado en el DVD del concierto en Chicago que sali\u00f3 a la venta posteriormente. Los mismos organizadores de Live Aid, han organizado otros conciertos llamados \u201cLive 8\u201d, buscando presionar a los l\u00edderes del Grupo de los Ocho para que asuman la Pobreza Cr\u00edtica en el mundo como un problema prioritario.<\/li>\n<\/ul>\n<p align=\"center\"><object width=\"425\" height=\"344\" classid=\"clsid:d27cdb6e-ae6d-11cf-96b8-444553540000\" codebase=\"http:\/\/download.macromedia.com\/pub\/shockwave\/cabs\/flash\/swflash.cab#version=6,0,40,0\"><param name=\"src\" value=\"http:\/\/www.youtube.com\/v\/MCnhN9L2r_s&amp;hl=\" \/><embed type=\"application\/x-shockwave-flash\" width=\"425\" height=\"344\" src=\"http:\/\/www.youtube.com\/v\/MCnhN9L2r_s&amp;hl=\" \/><\/object><br \/>\n<span style=\"font-size: 85%; font-family: courier new;\"><span style=\"font-size: x-small;\">En un concierto de U2, su vocalista Bono<br \/>\ninvita a la audiencia a unirse en la causa<br \/>\ncontra la pobreza extrema<\/span><\/span><\/p>\n<p align=\"justify\">Los ejemplos mencionados, son dram\u00e1ticos. Forman parte del registro hist\u00f3rico de los \u00faltimos a\u00f1os. Y esto es as\u00ed porque en mayor o menor medida, son eventos que han cambiado el curso de los hechos. El concierto de Woodstock y el posterior documental que se hizo sobre \u00e9ste, se convirtieron en un s\u00edmbolo palpable de las protestas que se desataron en esa \u00e9poca no s\u00f3lo en Estados Unidos sino en todo el mundo en contra de la guerra. Canciones como \u201cGive Peace a Chance\u201d de John Lennon se convirtieron en himno de esas manifestaciones, el costo pol\u00edtico para el gobierno norteamericano fue alto, contribuyendo a que en 1973 finalmente retiraran sus tropas de Vietnam. En Jamaica, despu\u00e9s de aquella noche del 78, aunque s\u00f3lo fuera por unos d\u00edas, hubo paz. Muchas personas se interesaron sobre lo que ocurr\u00eda en Sur\u00e1frica gracias a un contacto inicial con la m\u00fasica que estaba haciendo Simon. Hacia principios de los 90 la presi\u00f3n internacional fue tan grande que se tuvo que dar la esperada apertura \u00e9tnica en ese pa\u00eds.<\/p>\n<p align=\"justify\">Estos pocos ejemplos (se podr\u00edan citar muchos m\u00e1s), por la prominencia de sus protagonistas y por el inter\u00e9s p\u00fablico que existe sobre los contextos de violencia o conflicto en que se dieron, afectan la esfera de lo macro social. El inter\u00e9s que se genera sobre estas iniciativas va mucho m\u00e1s all\u00e1 de las personas afectadas. Sin embargo, cada d\u00eda, en los m\u00e1s diversos rincones del planeta tierra, se van tejiendo iniciativas que buscan diseminar la cultura de paz partiendo de lo micro social.<\/p>\n<p align=\"justify\">Un ejemplo de estas iniciativas lo constituye el Sistema Nacional de Orquestas Infantiles y Juveniles de Venezuela. Recientemente laureada con el premio Pr\u00edncipe de Asturias a las artes. Esta organizaci\u00f3n busca brindar una educaci\u00f3n de alto nivel musical a ni\u00f1os y j\u00f3venes pretendiendo incidir particularmente en aquellos de menores recursos socioecon\u00f3micos. Para ello, el sistema cuenta con sedes en cada Estado del pa\u00eds as\u00ed como con orquestas sinf\u00f3nicas municipales, estadales y una orquesta que agrupa a los mejores ejecutantes a nivel nacional. Seg\u00fan su fundador, Jos\u00e9 Antonio Abreu (2001: 113) \u201cEl establecimiento de sistemas nacionales para la educaci\u00f3n en el arte y por el arte al alcance de las mayor\u00edas se impone d\u00eda a d\u00eda, con avasallante \u00edmpetu como instrumento insuperable de organizaci\u00f3n social y desarrollo comunitario. Bajo tal perspectiva, educaci\u00f3n art\u00edstica equivale a educaci\u00f3n modelo para una Cultura de Paz\u201d. Mediante este tipo de manifestaciones, la paz no s\u00f3lo se convierte en un mensaje sino que se construye en la cotidianidad del d\u00eda a d\u00eda:<\/p>\n<blockquote>\n<p align=\"justify\">\u00abPara j\u00f3venes y ni\u00f1os, hacer m\u00fasica juntos implica convivir entra\u00f1ablemente en ambito de perfecci\u00f3n y af\u00e1n de excelencia. En rigurosa disciplina de concertaci\u00f3n, sincron\u00eda y arm\u00f3nica interdependencia entre secciones, voces e instrumentos. Inconcebible por dem\u00e1s, el quehacer musical juvenil e infantil sin una actitud que no implique ardorosa entrega al descubrimiento, la comprensi\u00f3n y el dominio de la m\u00fasica. Un darse plenamente a la obra, un valorar con amor y con esp\u00edritu, pero tambi\u00e9n con mesura y severo control intelectual al comp\u00e1s, al ritmo del sonido en el tiempo. Es as\u00ed como la comunidad orquestal alcanza aquel sublime y complejo equilibrio de valores, m\u00faltiple, din\u00e1mico y sutil que hace posible la incitante comunicaci\u00f3n conceptual, emocional y social del mensaje sonoro. De esta manera constituyen las orquestas juveniles e infantiles veh\u00edculo id\u00f3neo para la iniciaci\u00f3n certera y oportuna de j\u00f3venes y ni\u00f1os en una vida social que es Cultura de Paz en la solidaria coexistencia. En un jubiloso y creador quehacer comunitario profundamente realizador de la personalidad y cuya maravillosa fecundidad opera simult\u00e1neamente en t\u00e9rminos de capacitaci\u00f3n, rescate y prevenci\u00f3n. En el seno de toda orquesta o coro juvenil e infantil discurre aquella revoluci\u00f3n social silenciosa que desde la m\u00e1s humilde condici\u00f3n conduce al joven hasta la cumbre del mensaje sinf\u00f3nico\u00bb (Abreu, 2001: 113).<\/p>\n<\/blockquote>\n<p align=\"justify\">Tambi\u00e9n en el \u00e1mbito de la m\u00fasica acad\u00e9mica, el pianista y director musical israel\u00ed Daniel Barenboim, junto a su amigo el escritor palestino Edward Said, le dieron luz en 1999 a la West\u2011East Divan Orchestra. Una agrupaci\u00f3n educativa que busca la convivencia de m\u00fasicos del Medio Oriente, tanto jud\u00edos como musulmanes, en un clima de concordia para su perfeccionamiento musical y, en el camino, para aprender sobre tolerancia. Inicialmente, esta experiencia educativa, que se lleva a cabo cada verano, estuvo itinerando entre Alemania y los Estados Unidos y desde 2004 tiene su sede fija en la ciudad de Sevilla.<\/p>\n<p align=\"justify\">Tanto Barenboim como Said recibieron en 2002 el Premio Pr\u00edncipe de Asturias a la concordia porque en palabras del jurado \u201ccon independencia de su destacada proyecci\u00f3n art\u00edstica e intelectual, realizan una generosa y encomiable tarea a favor de la convivencia y de la paz, simbolizada en la colaboraci\u00f3n de j\u00f3venes m\u00fasicos que, superando antagonismos hist\u00f3ricos, fomenta el di\u00e1logo y la reflexi\u00f3n\u201d (Fundaci\u00f3n Pr\u00edncipe de Asturias, 2002).<\/p>\n<p align=\"justify\">En los talleres de la West-East Divan Orchestra participan j\u00f3venes m\u00fasicos de culturas profundamente antag\u00f3nicas. Y el gran logro es encontrar estudiantes de pa\u00edses como Egipto e Israel que terminan siendo grandes amigos a pesar de que sus padres pelearon unos contra los otros en la Guerra de los Seis D\u00edas. Dada la milenaria situaci\u00f3n de conflicto presente en el Oriente Medio, particularmente durante los \u00faltimos 60 a\u00f1os, se hace dif\u00edcil encontrar un hecho m\u00e1s representativo como manifestaci\u00f3n por la paz, que ver a m\u00fasicos jud\u00edos y musulmanes tocando en una misma orquesta, como camaradas, la Novena Sinfon\u00eda de Beethoven; si ellos pueden hacerlo, quiere decir que la paz en la regi\u00f3n es posible.<\/p>\n<p align=\"justify\">Ejemplos como estos dos \u00faltimos que buscan favorecer una cultura de paz desde lo micro social, son una muestra de lo que Rodr\u00edguez (2004) llama iniciativas de comunicaci\u00f3n para la reconstrucci\u00f3n del tejido social ya que propician espacios de comunicaci\u00f3n colectiva donde los individuos alcanzan metas en conjunto bajo una perspectiva de solidaridad y respeto mutuo. Sin embargo, sin plante\u00e1rselo originalmente de ese modo, ambas iniciativas se han convertido en campa\u00f1as massmedi\u00e1ticas por la paz. Cada vez reciben m\u00e1s apoyo internacional de todo tipo, se han hecho documentales sobre ambas experiencias, las dos han recibido premios internacionales y su cobertura en los medios es cada vez mayor. Todo esto hace que logren sus fines de una mejor manera, gracias al empoderamiento.<\/p>\n<p align=\"justify\"><strong>Para cerrar<\/strong><\/p>\n<p align=\"justify\">Por el simple hecho de ser humano cualquier persona que habite en nuestro planeta, tendr\u00eda que actuar de forma permanente en la b\u00fasqueda de un mundo mejor para todos. Esa b\u00fasqueda debe darse en la casa, entre los amigos, entre los grupos en los cuales podemos incidir, entre nuestros alumnos, en la escuela de nuestros hijos. No hacerlo es actuar irresponsablemente. Aunque no se noten mayores cambios a nivel macro, s\u00ed se notar\u00e1n en el nivel de lo cotidiano. Sin embargo, cuando se tiene la capacidad y el poder de llegar a muchas personas como en el caso de los actores o actrices o los l\u00edderes de cualquier tipo, la responsabilidad es mayor, porque ellos tienen la posibilidad de lograr cambios m\u00e1s palpables. Ahora bien, para un m\u00fasico popular, hacerlo es perentorio porque adem\u00e1s del reconocimiento p\u00fablico, cuenta con un c\u00f3digo que representa el verdadero lenguaje universal de la humanidad, que puede ser utilizado como el instrumento de paz por excelencia.<\/p>\n<p align=\"justify\">De los ejemplos sobre m\u00fasica para la paz mencionados m\u00e1s arriba, se destaca que los que lograron mayor impacto social son aquellos donde existi\u00f3 una mayor participaci\u00f3n de la gente, donde las personas que son v\u00edctimas de los conflictos pudieron expresarse de alguna u otra manera. Donde se abrieron v\u00edas de comunicaci\u00f3n para la expresi\u00f3n p\u00fablica de la ciudadan\u00eda.<\/p>\n<p align=\"justify\">Cuando esto ocurre, en mayor o en menor medida, el m\u00fasico est\u00e1 propiciando un mecanismo de mediaci\u00f3n que va en sentido ascendente permitiendo que los ciudadanos puedan expresar su descontento y su malestar frente a la toma de decisiones de algunos l\u00edderes o grupos. En estos casos vemos que es la ciudadan\u00eda la que est\u00e1 tratando de lograr que su postura ideol\u00f3gica permee sobre sus gobernantes o l\u00edderes. En el momento en que Bob Marley le pide a los dos l\u00edderes pol\u00edticos de su naci\u00f3n que se den la mano, no es s\u00f3lo Bob Marley quien lo hace, tambi\u00e9n lo hacen los asistentes al concierto y tambi\u00e9n lo est\u00e1n haciendo aquellos que aplauden a Bob Marley por haberlo hecho, aunque no estuvieron en el concierto y se enteraron por los medios.<\/p>\n<p align=\"justify\">El m\u00fasico se convierte entonces en un veh\u00edculo de mediaci\u00f3n. Al respaldar sus iniciativas, la ciudadan\u00eda no s\u00f3lo se est\u00e1 expresando, sino que est\u00e1 tratando, de forma premeditada o no, cambiar las relaciones sociales.<\/p>\n<p align=\"justify\">Cuando m\u00fasicos de diversas naciones se unen a otros de Colombia y Venezuela para cantar en la frontera que separa a los dos pa\u00edses que por la toma de decisiones de sus gobernantes est\u00e1n en situaci\u00f3n de conflicto, est\u00e1n manifestando al mundo que no quieren una guerra, nadie canta con sus enemigos y mucho menos en una fiesta con 300 mil asistentes y millones m\u00e1s participando en vivo y en directo.<\/p>\n<p align=\"justify\">Desde tiempos ancestrales, pasando por Mozart con su Flauta M\u00e1gica y Beethoven que le puso a m\u00fasica a la Oda a la Alegr\u00eda de Schiller para su magistral Novena Sinfon\u00eda, hasta John Lennon, Bob Marley, Sting, Ilan Chester y Rub\u00e9n Blades, as\u00ed como miles de trovadores conocidos o an\u00f3nimos que siempre han existido en cada comunidad del planeta, el mensaje ha sido el mismo: un mundo es suficiente para todos. Lamentablemente, todav\u00eda quedan personas que no quieren escuchar. Entre tanto\u2026 \u00a1Que siga la m\u00fasica!<\/p>\n<p align=\"left\"><strong>Referencias<\/strong><\/p>\n<ul>\n<li>Abreu, J.A. (2001). <em>M\u00fasica para la paz. <\/em>En Fundaci\u00f3n de Cultura de Paz. <em>El contrato global Encuentro Internacional sobre Cultura de Paz, Madrid, 11-13 diciembre 2000. <\/em>Fundaci\u00f3n Cultura de Paz, M\u00e9xico. Tomado de Escola de Cultura de Pau: <a href=\"http:\/\/www.pangea.org\/unescopau\/img\/programas\/musica\/07musica005e.pdf\"><span style=\"color: #473624;\">http:\/\/www.pangea.org\/unescopau\/img\/programas\/musica\/07musica005e.pdf<\/span><\/a><\/li>\n<li>Cook, N. (1998) De Madonna al Canto Gregoriano. Una muy breve introducci\u00f3n a la m\u00fasica. Alianza Editorial, Madrid.<\/li>\n<li>El Universal (12-3-2008). <em>Juanes y sus amigos cantar\u00e1n el domingo en la frontera colombo-venezolana.<\/em> Caracas. <a href=\"http:\/\/www.eluniversal.com\/2008\/03\/11\/til_ava_juanes-y-sus-amigos_11A1424079.shtml\"><span style=\"color: #473624;\">http:\/\/www.eluniversal.com\/2008\/03\/11\/til_ava_juanes-y-sus-amigos_11A1424079.shtml<\/span><\/a><\/li>\n<li>Fundaci\u00f3n Pr\u00edncipe de Asturias (2002). <em>Acta del Jurado del Premio Pr\u00edncipe de Asturias<\/em>. Concordia 2002. Oviedo. <a href=\"http:\/\/www.fundacionprincipedeasturias.org\/esp\/04\/premios\/premios4_2002.html\"><span style=\"color: #473624;\">http:\/\/www.fundacionprincipedeasturias.org\/esp\/04\/premios\/premios4_2002.html<\/span><\/a><\/li>\n<li>Lull, J (1997). <em>Medios Comunicaci\u00f3n, Cultura. Aproximaci\u00f3n Global.<\/em> Amorrortu Editores, Buenos Aires.<\/li>\n<li>Lewis, G.H. (1992). <em>Who do you love. The dimensions of musical taste<\/em>. En Lull, J. (ed.), <em>Popular Music and Communication (2da ed).<\/em> Sage Publications, California.<\/li>\n<li>Mart\u00edn-Barbero (1987) <em>De los medios a las mediaciones. Comunicaci\u00f3n cultura y hegemon\u00eda<\/em> (3ra ed). Ediciones G. Gili, M\u00e9xico.<\/li>\n<li>Rodr\u00edguez, C (2004). <em>Comunicaci\u00f3n para la paz, enfoques encontrados<\/em>. En Son de Tambora #88. La iniciativa de la Comunicaci\u00f3n. <a href=\"http:\/\/www.comminit.com\/la\/drum_beat_88.html\"><span style=\"color: #473624;\">http:\/\/www.comminit.com\/la\/drum_beat_88.html<\/span><\/a><\/li>\n<li>Skyllstad, Kjell (2004). M\u00fasica y Mediaci\u00f3n. Tomado de Escola de Cultura de Pau: <a href=\"http:\/\/www.pangea.org\/unescopau\/img\/programas\/musica\/07musica009e.pdf\"><span style=\"color: #473624;\">http:\/\/www.pangea.org\/unescopau\/img\/programas\/musica\/07musica009e.pdf<\/span><\/a><\/li>\n<\/ul>\n","protected":false},"excerpt":{"rendered":"<p>Por: Osvaldo Burgos Garc\u00eda, Mayo 2008 A mi hermano Jos\u00e9 Carlos, quien me abri\u00f3 los o\u00eddos a parte de la m\u00fasica que [&hellip;]<\/p>\n","protected":false},"author":2,"featured_media":0,"comment_status":"open","ping_status":"open","sticky":false,"template":"","format":"standard","meta":{"footnotes":""},"categories":[3,7],"tags":[],"class_list":["post-15","post","type-post","status-publish","format-standard","hentry","category-musica-y-comunicacion","category-paz"],"_links":{"self":[{"href":"https:\/\/www.osvaldo.com\/blog\/wp-json\/wp\/v2\/posts\/15","targetHints":{"allow":["GET"]}}],"collection":[{"href":"https:\/\/www.osvaldo.com\/blog\/wp-json\/wp\/v2\/posts"}],"about":[{"href":"https:\/\/www.osvaldo.com\/blog\/wp-json\/wp\/v2\/types\/post"}],"author":[{"embeddable":true,"href":"https:\/\/www.osvaldo.com\/blog\/wp-json\/wp\/v2\/users\/2"}],"replies":[{"embeddable":true,"href":"https:\/\/www.osvaldo.com\/blog\/wp-json\/wp\/v2\/comments?post=15"}],"version-history":[{"count":10,"href":"https:\/\/www.osvaldo.com\/blog\/wp-json\/wp\/v2\/posts\/15\/revisions"}],"predecessor-version":[{"id":644,"href":"https:\/\/www.osvaldo.com\/blog\/wp-json\/wp\/v2\/posts\/15\/revisions\/644"}],"wp:attachment":[{"href":"https:\/\/www.osvaldo.com\/blog\/wp-json\/wp\/v2\/media?parent=15"}],"wp:term":[{"taxonomy":"category","embeddable":true,"href":"https:\/\/www.osvaldo.com\/blog\/wp-json\/wp\/v2\/categories?post=15"},{"taxonomy":"post_tag","embeddable":true,"href":"https:\/\/www.osvaldo.com\/blog\/wp-json\/wp\/v2\/tags?post=15"}],"curies":[{"name":"wp","href":"https:\/\/api.w.org\/{rel}","templated":true}]}}