{"id":172,"date":"2012-07-02T07:01:00","date_gmt":"2012-07-02T11:31:00","guid":{"rendered":"http:\/\/www.osvaldo.com\/blog\/?p=172"},"modified":"2018-01-13T21:10:23","modified_gmt":"2018-01-14T01:10:23","slug":"busca-un-sancho-y-ensenale-a-ser-quijote","status":"publish","type":"post","link":"https:\/\/www.osvaldo.com\/blog\/busca-un-sancho-y-ensenale-a-ser-quijote\/","title":{"rendered":"Busca un Sancho y ens\u00e9\u00f1ale a ser Quijote"},"content":{"rendered":"<p><em>Este texto lo escrib\u00ed a principios de 2009&#8230; Lamentablemente, lo veo igual de vigente hoy.<\/em><\/p>\n<p>Permanentemente me consigo con personas o con textos que hablan sobre la necesidad de salir de Ch\u00e1vez. Esa necesidad algunos la canalizan diciendo \u00abno podemos permitir que gane una elecci\u00f3n m\u00e1s\u00bb, otros, afortunadamente los que menos, expresan sus deseos con una visi\u00f3n m\u00e1s dr\u00e1stica y de corto plazo.<\/p>\n<p>Y me pregunto \u00bfser\u00e1 que en efecto el pa\u00eds sin Ch\u00e1vez ser\u00eda sustancialmente distinto? Y siempre que me hago esa pregunta, la respuesta pesimista que asciende a mi mente es no. Y la raz\u00f3n es la profunda crisis de valores que se vive en nuestro pa\u00eds.<\/p>\n<p>Para tener un verdadero cambio en Venezuela, es necesario trabajar desde la educaci\u00f3n y no me refiero a las matem\u00e1ticas o la lengua, que tambi\u00e9n son importantes, me refiero a la ciudadan\u00eda. El peque\u00f1o detalle es que la ciudadan\u00eda no se puede ense\u00f1ar s\u00f3lo en asignaturas sino mediante la experiencia en el d\u00eda a d\u00eda y sobre todo con el ejemplo.<\/p>\n<p>La educaci\u00f3n ciudadana como visi\u00f3n global de la educaci\u00f3n, de manera transversal en los contenidos escolares, est\u00e1 un poco olvidada en Venezuela. All\u00ed tenemos los resultados: un alto porcentaje del pa\u00eds considera correcto el hecho de que un mismo ciudadano pueda tener indefinidamente la posibilidad de postularse al mismo cargo p\u00fablico, o que un mismo ciudadano concentre en sus manos todo el poder de la naci\u00f3n, o que un ciudadano que dirige un pa\u00eds pueda expresarse vilmente de un grupo de otros ciudadanos simplemente porque no est\u00e1n de acuerdo con \u00e9l, en fin, que la exclusi\u00f3n y el irrespeto sean la norma.<\/p>\n<p>De esta manera, al menos a m\u00ed la conclusi\u00f3n se me hace obvia: el problema fundamental de nuestra querida patria es el problema educativo.<\/p>\n<p>Imaginemos una Venezuela sin Ch\u00e1vez&#8230; nuestros problemas seguir\u00edan estando all\u00ed, porque si bien el gobierno actual no ha hecho gran cosa por propiciar una Educaci\u00f3n Ciudadana (as\u00ed, con may\u00fasculas) y m\u00e1s bien, pareciera estar tratando de manipularla a su conveniencia, tambi\u00e9n es cierto que en Venezuela la corrupci\u00f3n ha sido la norma y ninguno de los gobiernos de las dos d\u00e9cadas anteriores a Ch\u00e1vez lograron un mayor impacto en la formaci\u00f3n de ciudadanos. Por el contrario, la calidad de nuestra ciudadan\u00eda ha ido mermando cada vez m\u00e1s.<\/p>\n<p>Estoy seguro que si en Venezuela tuvi\u00e9ramos m\u00e1s ciudadanos, formados en solidaridad y respeto, conscientes de su corresponsabilidad en las peque\u00f1as y grandes cosas de la naci\u00f3n, que fueran capaces de asumir que su libertad llega exactamente hasta el punto donde se afecta la libertad de los dem\u00e1s, que comprendieran que cada quien tiene derecho a tener su propia opini\u00f3n y expresarla donde quiera y que en definitiva un pa\u00eds se construye con el concurso de todos y no de uno solo, Ch\u00e1vez hace rato que no ser\u00eda el Presidente de Venezuela.<\/p>\n<p>Que en Venezuela haya personas que aplaudan hechos que a esta altura del mundo deber\u00edan considerarse abominables, como la profanaci\u00f3n de un templo (de la religi\u00f3n que sea), o que aplaudan cuando un dirigente pol\u00edtico insulta a sus contrincantes o, peor a\u00fan, a aquellos ciudadanos que simplemente no le siguen, o que celebren el hecho de que a m\u00e1s de veinte mil empleados de la industria petrolera los dejen sin trabajo de la noche a la ma\u00f1ana, es la evidencia m\u00e1s clara de que en nuestro pa\u00eds la ciudadan\u00eda es un esp\u00e9cimen en v\u00edas de extinci\u00f3n y ese hecho no es s\u00f3lo responsabilidad del gobierno, all\u00ed somos responsables todos.<\/p>\n<p>Muchos maestros luchan d\u00eda a d\u00eda, tratando de legar un mundo mejor a las pr\u00f3ximas generaciones. Un mundo, sobre todas las cosas, m\u00e1s humano. Cuando tengo el privilegio de estar en un sal\u00f3n de clases (y cuando no) yo lo intento, no s\u00e9 si lo logro, pero lo intento. A veces siento que es una tarea profundamente quijotesca, que estamos arando sobre el mar.<\/p>\n<figure id=\"attachment_173\" aria-describedby=\"caption-attachment-173\" style=\"width: 180px\" class=\"wp-caption alignright\"><img loading=\"lazy\" decoding=\"async\" class=\"size-full wp-image-173\" title=\"Don Quijote y Sancho Panza\" src=\"http:\/\/www.osvaldo.com\/blog\/wp-content\/uploads\/2012\/07\/sancho-panza.jpg\" alt=\"\" width=\"180\" height=\"135\" \/><figcaption id=\"caption-attachment-173\" class=\"wp-caption-text\">Don Quijote y Sancho Panza en una \u00abventa\u00bb de Toledo<\/figcaption><\/figure>\n<p>Sin embargo, la mejor noticia que trajo la retirada de concesi\u00f3n de RCTV -canal cuya programaci\u00f3n no es santo de mi devoci\u00f3n, pero eso no es lo que est\u00e1 en juego- fue la irrupci\u00f3n de una generaci\u00f3n que nos est\u00e1 dejando ver que hay esperanzas, que aunque en todas partes se cuecen habas y siempre hay gente buscando pescar en r\u00edo revuelto, pareciera que los quijotes son muchos y que cada d\u00eda surgen nuevos. Pero todav\u00eda, la mayor\u00eda vemos molinos de viento y no vemos gigantes. Sancho Panza nos sigue gritando \u00abaquellos que all\u00ed se parecen no son gigantes, sino molinos de viento\u00bb. Necesitamos ver los gigantes para poder vencerlos. Por ello yo te invito, a que tomes tu lanza, te busques un Sancho y lo ense\u00f1es a ser Quijote. S\u00f3lo de esta manera, dejaremos, como colectivo, de ver molinos de viento donde hay gigantes y despu\u00e9s seremos tantos que los podremos vencer.<\/p>\n<p>&nbsp;<\/p>\n","protected":false},"excerpt":{"rendered":"<p>Este texto lo escrib\u00ed a principios de 2009&#8230; Lamentablemente, lo veo igual de vigente hoy. Permanentemente me consigo con personas o con [&hellip;]<\/p>\n","protected":false},"author":2,"featured_media":0,"comment_status":"open","ping_status":"open","sticky":false,"template":"","format":"standard","meta":{"footnotes":""},"categories":[24],"tags":[25,26],"class_list":["post-172","post","type-post","status-publish","format-standard","hentry","category-opinion","tag-educacion-ciudadana","tag-elecciones"],"_links":{"self":[{"href":"https:\/\/www.osvaldo.com\/blog\/wp-json\/wp\/v2\/posts\/172","targetHints":{"allow":["GET"]}}],"collection":[{"href":"https:\/\/www.osvaldo.com\/blog\/wp-json\/wp\/v2\/posts"}],"about":[{"href":"https:\/\/www.osvaldo.com\/blog\/wp-json\/wp\/v2\/types\/post"}],"author":[{"embeddable":true,"href":"https:\/\/www.osvaldo.com\/blog\/wp-json\/wp\/v2\/users\/2"}],"replies":[{"embeddable":true,"href":"https:\/\/www.osvaldo.com\/blog\/wp-json\/wp\/v2\/comments?post=172"}],"version-history":[{"count":4,"href":"https:\/\/www.osvaldo.com\/blog\/wp-json\/wp\/v2\/posts\/172\/revisions"}],"predecessor-version":[{"id":432,"href":"https:\/\/www.osvaldo.com\/blog\/wp-json\/wp\/v2\/posts\/172\/revisions\/432"}],"wp:attachment":[{"href":"https:\/\/www.osvaldo.com\/blog\/wp-json\/wp\/v2\/media?parent=172"}],"wp:term":[{"taxonomy":"category","embeddable":true,"href":"https:\/\/www.osvaldo.com\/blog\/wp-json\/wp\/v2\/categories?post=172"},{"taxonomy":"post_tag","embeddable":true,"href":"https:\/\/www.osvaldo.com\/blog\/wp-json\/wp\/v2\/tags?post=172"}],"curies":[{"name":"wp","href":"https:\/\/api.w.org\/{rel}","templated":true}]}}