{"id":407,"date":"2015-10-03T20:14:22","date_gmt":"2015-10-04T00:44:22","guid":{"rendered":"http:\/\/www.osvaldo.com\/blog\/?p=407"},"modified":"2018-01-14T17:42:05","modified_gmt":"2018-01-14T21:42:05","slug":"cuatro-kilometros-de-historia","status":"publish","type":"post","link":"https:\/\/www.osvaldo.com\/blog\/cuatro-kilometros-de-historia\/","title":{"rendered":"Cuatro kil\u00f3metros de historia"},"content":{"rendered":"<p>Hoy decidimos pasear. Dejamos el carro en el CC Chaca\u00edto, all\u00ed tomamos el metro hasta la Hoyada.<br \/>\nNuestra caminata comenz\u00f3 en la Esquina de Coliseo, a la salida del metro. Desde all\u00ed caminamos en direcci\u00f3n al oeste por la Av. Universidad hasta la Esquina de Traposos. El piso empedrado de la calle anunciaba nuestro primer destino al norte, la Casa Natal del Libertador. Entramos y vimos una a una todas las habitaciones, admirando los cuadros de Tito Salas y Arturo Michelena.<br \/>\nPara Sof\u00eda fue todo un descubrimiento la casona colonial, fresca gracias a sus techos altos, sin dejarse envolver por el calor reinante en la ciudad.<br \/>\nActo seguido entramos al Museo Bolivariano, justo al lado. Hicimos tambi\u00e9n el recorrido de rigor, comprendiendo un poco m\u00e1s la sociedad colonial, viendo las armas de la \u00e9poca (la lanza del mism\u00edsimo Catire P\u00e1ez).<br \/>\nDesde San Jacinto caminamos al oeste rumbo a la Plaza Bol\u00edvar. All\u00ed intentamos saciar la sed. No hab\u00eda agua ni en las luncher\u00edas, ni en las panader\u00edas, ni en los bares malamuertosos, as\u00ed que toc\u00f3 beber jugo de naranja de pote en la Esquina de Gradillas.<br \/>\nDesde all\u00ed subimos al norte rumbo al Pante\u00f3n Nacional. Pasamos la Catedral, la Esquina de La Torre, y llegamos a la Esquina de Veroes en la Av. Urdaneta. Media cuadra m\u00e1s arriba llegamos a la Casa de las Primeras Letras del Libertador. Hicimos la visita y seguimos caminando al norte. Pasamos Jesuitas, Tienda Honda, pasamos bajo el Puente Trinidad y llegamos al Foro Libertador.<br \/>\nSof\u00eda conoci\u00f3 la sede de la Biblioteca Nacional y llegamos al Pante\u00f3n Nacional al cual, por cierto, le robaron todo su marco verde del \u00c1vila y azul del cielo al construirle ese mamotreto blanco que le pusieron detr\u00e1s. Al llegar a la meta, el Pante\u00f3n estaba cerrado. Fue frustrante. Le dimos toda la vuelta al mamotreto blanco que por los lados es de hierro oxidado, pensando que tal vez ahora la entrada ser\u00eda por el nuevo edificio. Finalmente encontramos a un empleado que amablemente nos pidi\u00f3 disculpas y nos explic\u00f3 que el pante\u00f3n estaba cerrado por obras de restauraci\u00f3n.<br \/>\nNo nos desanimamos. Comenzamos a bajar de regreso por la misma ruta. El sol hac\u00eda de las suyas y como era de esperar el jugo nos hab\u00eda dado m\u00e1s sed. Ninguna de las taguaras de la zona ten\u00eda agua, hasta que dimos con una se\u00f1ora amable que no solo ten\u00eda agua, sino que ten\u00eda Minalba. Nos acabamos la botella de litro y medio all\u00ed mismo y compramos otra para poder proseguir con la aventura.<br \/>\nRumbo al sur volvimos a la Plaza Bol\u00edvar y entramos al Museo Sacro, al lado de la Catedral. All\u00ed vimos los ornamentos lit\u00fargicos usados en la Semana Santa desde tiempos de la colonia, estuvimos en la cripta donde reposan los restos de la familia de Sim\u00f3n Bol\u00edvar y conocimos el Osario donde en tiempos de la colonia guardaban los restos de las personas que retiraban del cementerio para abrir espacio para nuevos fallecidos.<br \/>\nAl salir, caminamos hacia la Esquina de Las Monjas y en el camino entramos al Concejo Municipal. \u00a1Qu\u00e9 belleza de edificio! All\u00ed, en la capilla de Santa Rosa de Lima, vimos el Acta del 19 de Abril de 1810. En esa misma capilla se firm\u00f3 el Acta de la Independencia un a\u00f1o m\u00e1s tarde, el 5 de julio y all\u00ed est\u00e1n algunas de las sillas originales usadas por los diputados representantes de las siete provincias que se reunieron en Congreso para crear nuestra Naci\u00f3n.<br \/>\nSalimos rumbo al oeste, pasamos por la Asamblea Nacional y llegamos a la Esquina de Padre Sierra. Pasamos Mu\u00f1oz y en Sol\u00eds tomamos rumbo al Sur hasta la Esquina de Marcos Parra. All\u00ed tomamos a la derecha rumbo al Calvario.<br \/>\nSubimos los primeros 92 escalones dispuestos a llegar al punto m\u00e1s alto. El Calvario est\u00e1 muy bonito. Mucho mejor cuidado de lo que esperaba. Como muchas cosas, podr\u00eda estar mucho mejor. Sin embargo, en verdad vale la pena visitarlo.<br \/>\nSubimos hasta el Monumento a Bol\u00edvar que est\u00e1 en la cima del parque e incluso, llegamos hasta el Gazebo que est\u00e1 detr\u00e1s, ya en la frontera con el Barrio de Monte Piedad. En total fueron 334 escalones que subimos desde el Viaducto Nueva Rep\u00fablica hasta el pedestal de la Estatua de Bol\u00edvar. Hay adem\u00e1s un parque infantil en muy buen estado donde Sof\u00eda disfrut\u00f3 de los columpios, la rueda y dem\u00e1s atracciones.<br \/>\nPasamos adem\u00e1s por la Capilla de Nuestra Se\u00f1ora de Lourdes y el Arco de la Federaci\u00f3n, el cual quer\u00eda conocer desde hace mucho. En el camino, nos encontramos con monumentos en honor a Ezequiel Zamora, Cervantes, Teresa Carre\u00f1o, Jos\u00e9 Francisco Berm\u00fadez y el Cacique Guaicaipuro.<br \/>\nDe all\u00ed bajamos a la Esquina de Marcos Parra para tomar el metro, sin embargo, como Sofi vio el Metro superficial desde el parque, quiso que fu\u00e9ramos hasta Ca\u00f1o Amarillo para hacer el recorrido superficial del tren. Terminamos yendo hasta Propatria para llegar al final de la l\u00ednea y de all\u00ed volvimos agotados luego de cuatro kil\u00f3metros y medio de historia.<br \/>\nFue un d\u00eda maravilloso de paseo hist\u00f3rico, aprendiendo con Sof\u00eda y Pamela.<\/p>\n","protected":false},"excerpt":{"rendered":"<p>Hoy decidimos pasear. Dejamos el carro en el CC Chaca\u00edto, all\u00ed tomamos el metro hasta la Hoyada. Nuestra caminata comenz\u00f3 en la [&hellip;]<\/p>\n","protected":false},"author":2,"featured_media":603,"comment_status":"open","ping_status":"open","sticky":false,"template":"","format":"standard","meta":{"footnotes":""},"categories":[10],"tags":[98,96,70,92,90,95,97,89,91,94,93],"class_list":["post-407","post","type-post","status-publish","format-standard","has-post-thumbnail","hentry","category-experiencias","tag-arco-de-la-federacion","tag-asamblea-nacional","tag-caracas","tag-casa-de-las-primeras-letras","tag-casa-natal-del-libertador","tag-concejo-municipal","tag-el-calvario","tag-historia","tag-museo-bolivariano","tag-museo-sacro","tag-panteon-nacional"],"_links":{"self":[{"href":"https:\/\/www.osvaldo.com\/blog\/wp-json\/wp\/v2\/posts\/407","targetHints":{"allow":["GET"]}}],"collection":[{"href":"https:\/\/www.osvaldo.com\/blog\/wp-json\/wp\/v2\/posts"}],"about":[{"href":"https:\/\/www.osvaldo.com\/blog\/wp-json\/wp\/v2\/types\/post"}],"author":[{"embeddable":true,"href":"https:\/\/www.osvaldo.com\/blog\/wp-json\/wp\/v2\/users\/2"}],"replies":[{"embeddable":true,"href":"https:\/\/www.osvaldo.com\/blog\/wp-json\/wp\/v2\/comments?post=407"}],"version-history":[{"count":8,"href":"https:\/\/www.osvaldo.com\/blog\/wp-json\/wp\/v2\/posts\/407\/revisions"}],"predecessor-version":[{"id":416,"href":"https:\/\/www.osvaldo.com\/blog\/wp-json\/wp\/v2\/posts\/407\/revisions\/416"}],"wp:featuredmedia":[{"embeddable":true,"href":"https:\/\/www.osvaldo.com\/blog\/wp-json\/wp\/v2\/media\/603"}],"wp:attachment":[{"href":"https:\/\/www.osvaldo.com\/blog\/wp-json\/wp\/v2\/media?parent=407"}],"wp:term":[{"taxonomy":"category","embeddable":true,"href":"https:\/\/www.osvaldo.com\/blog\/wp-json\/wp\/v2\/categories?post=407"},{"taxonomy":"post_tag","embeddable":true,"href":"https:\/\/www.osvaldo.com\/blog\/wp-json\/wp\/v2\/tags?post=407"}],"curies":[{"name":"wp","href":"https:\/\/api.w.org\/{rel}","templated":true}]}}