{"id":422,"date":"2014-03-23T06:28:03","date_gmt":"2014-03-23T10:58:03","guid":{"rendered":"http:\/\/www.osvaldo.com\/blog\/?p=422"},"modified":"2016-03-23T06:34:34","modified_gmt":"2016-03-23T11:04:34","slug":"a-un-amigo-chavista","status":"publish","type":"post","link":"https:\/\/www.osvaldo.com\/blog\/a-un-amigo-chavista\/","title":{"rendered":"A un amigo chavista&#8230;"},"content":{"rendered":"<p>Acabo de colocar este comentario en un post de alguien que fue mi profesor en secundaria y que hoy apoya al gobierno. En los comentarios de la entrada \u00e9l comentaba c\u00f3mo la simulaci\u00f3n de escasez a trav\u00e9s del acaparamiento hab\u00eda sido una estrategia desarrollada por la empresa privada durante el gobierno de Salvador Allende para derrocarlo. A continuaci\u00f3n mi comentario:<\/p>\n<p>Apenas ten\u00eda 2 a\u00f1os en septiembre del 73. Realmente es dif\u00edcil que recuerde algo de aquellos tiempos. Sin embargo, de mis padres (y m\u00e1s tarde por m\u00ed mismo) aprend\u00ed sobre lo cruenta que fue la represi\u00f3n durante esa dictadura y otras del sur de Am\u00e9rica.<\/p>\n<p>Nunca podr\u00e9 estar de acuerdo con el trato cruel, inhumano, ni con la anulaci\u00f3n o desconocimiento del otro, entre otras cosas porque adem\u00e1s de mis padres, los maestros de ese maravilloso colegio, donde nos conocimos, me ense\u00f1aron a darle valor a todos los seres humanos, incluso aquellos que disienten de mi.<\/p>\n<p>Precisamente por ello, porque recuerdo aquellas narraciones sobre como a Jara lo obligaron a cantar despu\u00e9s de golpearlo infinitamente y cortarle las manos para que no usara la guitarra; porque en el sal\u00f3n de clases, juntos, vimos Las Fresas de la Amargura y nos dej\u00f3 un aprendizaje, es que hoy no puedo quedarme callado ante las injusticias y los atropellos que observo en mi entorno&#8230; no porque salga en los medios (que tampoco es que sale mucho), no&#8230; Porque lo he visto, porque soy docente universitario y a diario comparto con esos j\u00f3venes y he visto c\u00f3mo los han detenido, tratando a algunos de ellos como a animales. He visto c\u00f3mo la Guardia Nacional ha lanzado gases lacrim\u00f3genos a los edificios donde hay ni\u00f1os y personas inocentes y algunos de ellos han entrado en la propiedad privada, arremetiendo contra el que encuentren sin preguntar nada. As\u00ed se llevaron a un profesor de la UCV sobrino de alguien que ambos conocemos.<\/p>\n<p>\u00bfSabes? permanentemente siento como el Status Quo me quiere anular por pensar distinto y entonces me doy cuenta de que no hemos evolucionado. Estoy seguro de que llevaste plan por parte de la Metropolitana. Pues te tengo una noticia, la PNB no est\u00e1 actuando de manera muy diferente.<\/p>\n<p>Amigo&#8230; Al igual que t\u00fa, Siempre he trabajado por un mundo mejor; siempre he tratado de compartir lo que s\u00e9 con los dem\u00e1s; siempre he tratado de transmitir valores humanos y te digo algo, esto que hoy tenemos en Venezuela es la ant\u00edtesis de lo que sue\u00f1o.<\/p>\n<p>Sue\u00f1o un sitio donde todos los ciudadanos participemos sin que nadie critique a nadie por pensar diferente y donde mi hija pueda jugar en un parque sin el temor de ser una de las 22.000 personas que mueren al a\u00f1o en Venezuela por causa de la violencia.<\/p>\n<p>De todo coraz\u00f3n, un abrazo hermano<\/p>\n","protected":false},"excerpt":{"rendered":"<p>Acabo de colocar este comentario en un post de alguien que fue mi profesor en secundaria y que hoy apoya al gobierno. [&hellip;]<\/p>\n","protected":false},"author":2,"featured_media":0,"comment_status":"open","ping_status":"open","sticky":false,"template":"","format":"standard","meta":{"footnotes":""},"categories":[24],"tags":[105,99,66,25,138],"class_list":["post-422","post","type-post","status-publish","format-standard","hentry","category-opinion","tag-allende","tag-ciudadania","tag-ddhh","tag-educacion-ciudadana","tag-paz"],"_links":{"self":[{"href":"https:\/\/www.osvaldo.com\/blog\/wp-json\/wp\/v2\/posts\/422","targetHints":{"allow":["GET"]}}],"collection":[{"href":"https:\/\/www.osvaldo.com\/blog\/wp-json\/wp\/v2\/posts"}],"about":[{"href":"https:\/\/www.osvaldo.com\/blog\/wp-json\/wp\/v2\/types\/post"}],"author":[{"embeddable":true,"href":"https:\/\/www.osvaldo.com\/blog\/wp-json\/wp\/v2\/users\/2"}],"replies":[{"embeddable":true,"href":"https:\/\/www.osvaldo.com\/blog\/wp-json\/wp\/v2\/comments?post=422"}],"version-history":[{"count":2,"href":"https:\/\/www.osvaldo.com\/blog\/wp-json\/wp\/v2\/posts\/422\/revisions"}],"predecessor-version":[{"id":425,"href":"https:\/\/www.osvaldo.com\/blog\/wp-json\/wp\/v2\/posts\/422\/revisions\/425"}],"wp:attachment":[{"href":"https:\/\/www.osvaldo.com\/blog\/wp-json\/wp\/v2\/media?parent=422"}],"wp:term":[{"taxonomy":"category","embeddable":true,"href":"https:\/\/www.osvaldo.com\/blog\/wp-json\/wp\/v2\/categories?post=422"},{"taxonomy":"post_tag","embeddable":true,"href":"https:\/\/www.osvaldo.com\/blog\/wp-json\/wp\/v2\/tags?post=422"}],"curies":[{"name":"wp","href":"https:\/\/api.w.org\/{rel}","templated":true}]}}