{"id":493,"date":"2017-01-02T21:42:32","date_gmt":"2017-01-03T02:12:32","guid":{"rendered":"http:\/\/www.osvaldo.com\/blog\/?p=493"},"modified":"2018-01-14T17:10:55","modified_gmt":"2018-01-14T21:10:55","slug":"cap-2-intentos-chapeau","status":"publish","type":"post","link":"https:\/\/www.osvaldo.com\/blog\/cap-2-intentos-chapeau\/","title":{"rendered":"CAP 2 Intentos \u00a1Chapeau!"},"content":{"rendered":"<p>H\u00e1gase un favor y vaya ya al cine a ver el documental CAP 2 Intentos. Sobre todo si tiene 30 a\u00f1os o menos. Le debe quedar poco tiempo en cartelera.<\/p>\n<p><iframe loading=\"lazy\" width=\"1170\" height=\"658\" src=\"https:\/\/www.youtube.com\/embed\/o3JLml5yMjA?feature=oembed\" frameborder=\"0\" allow=\"autoplay; encrypted-media\" allowfullscreen><\/iframe><\/p>\n<p>\u00a1Qu\u00e9 buen documental! Mis felicitaciones a Carlos Oteyza, Lorena Gonz\u00e1lez, Ver\u00f3nica Ca\u00f1as, Florianna Blanco y\u00a0a todo el equipo realizador.<\/p>\n<p>Los detalles est\u00e1n muy bien cuidados. Particularmente la investigaci\u00f3n de archivos audiovisuales, el gui\u00f3n, el valor de las entrevistas (sobre todo las de Eduardo Fern\u00e1ndez y Oswaldo \u00c1lvarez Paz, por ser opositores a CAP) la m\u00fasica y la composici\u00f3n gr\u00e1fica.<\/p>\n<p>Bajo la lupa menos subjetiva que solo puede brindar el tiempo, el documental desarrolla hechos fundamentales de los dos gobiernos de P\u00e9rez. Entre muchos otros destaco logros como el Sistema de Orquestas y el Museo de Arte Contempor\u00e1neo, el desarrollo de las industrias del hierro y el aluminio, la creaci\u00f3n del Ministerio del Ambiente con la consiguiente creaci\u00f3n de m\u00faltiples Parques Nacionales y Zonas Protegidas, la Nacionalizaci\u00f3n del Petroleo, la descentralizaci\u00f3n, la elecci\u00f3n directa de gobernadores y alcaldes y la participaci\u00f3n directa de Venezuela en el \u00e1mbito internacional. Por otra parte, no se deja de lado casos como el Sierra Nevada o la Partida Secreta del Ministerio de Relaciones Interiores.<\/p>\n<p>Me quito el sombrero ante el sutil manejo de la iron\u00eda en el discurso audiovisual de Carlos Oteyza. Hay m\u00faltiples planos que dicen mucho \u00a0sin necesidad de apoyarse en la locuci\u00f3n en off. Particularmente me gust\u00f3 la secuencia con\u00a0disco-music que describe a la Venezuela Saudita. Es un maravilloso ejemplo del concepto de S\u00edncresis de Michel Chion.<\/p>\n<p>Gracias por este impecable documental, indispensable para que las nuevas generaciones conozcan otra visi\u00f3n (definitivamente m\u00e1s objetiva) de los per\u00edodos hist\u00f3ricos que precedieron la debacle\u00a0que venimos viviendo desde hace 18 a\u00f1os, lo cual es particularmente necesario, considerando\u00a0la hegemon\u00eda comunicacional con la que el gobierno maneja sus versiones de la historia.<\/p>\n<p>Gracias por no permitir que, en este caso, la historia la escriban solo aquellos que \u00abpor ahora\u00bb resultaron vencedores.<\/p>\n<p>En verdad espero poder ver, en unos 25 a\u00f1os, un documental sobre este per\u00edodo funesto de la historia contempor\u00e1nea de Venezuela que ha sido el chavismo. \u00danicamente con la distancia que brinda el tiempo podremos ver el tema con un poco de objetividad. No s\u00e9 si lo podr\u00e1 hacer Carlos Oteyza (ojal\u00e1), pero Bol\u00edvar Films y Cinesa han sido una Escuela para muchos j\u00f3venes que han asumido con tes\u00f3n la tarea de dar a conocer la hechos hist\u00f3ricos de Venezuela, entre ellos, Lorena Gonz\u00e1lez Di Totto, Ver\u00f3nica Ca\u00f1as, Florianna Blanco y Adri\u00e1n S\u00e1nchez Iorio (quien trabaj\u00f3 en Tiempos de Dictadura), todos insignes ucabistas.<\/p>\n<p>Se\u00f1ores, \u00a1Chapeau!<\/p>\n","protected":false},"excerpt":{"rendered":"<p>H\u00e1gase un favor y vaya ya al cine a ver el documental CAP 2 Intentos. Sobre todo si tiene 30 a\u00f1os o [&hellip;]<\/p>\n","protected":false},"author":2,"featured_media":498,"comment_status":"open","ping_status":"open","sticky":false,"template":"","format":"standard","meta":{"footnotes":""},"categories":[24],"tags":[119,118,14,120,43],"class_list":["post-493","post","type-post","status-publish","format-standard","has-post-thumbnail","hentry","category-opinion","tag-cap-2-intentos","tag-carlos-andres-perez","tag-cine","tag-documental","tag-venezuela"],"_links":{"self":[{"href":"https:\/\/www.osvaldo.com\/blog\/wp-json\/wp\/v2\/posts\/493","targetHints":{"allow":["GET"]}}],"collection":[{"href":"https:\/\/www.osvaldo.com\/blog\/wp-json\/wp\/v2\/posts"}],"about":[{"href":"https:\/\/www.osvaldo.com\/blog\/wp-json\/wp\/v2\/types\/post"}],"author":[{"embeddable":true,"href":"https:\/\/www.osvaldo.com\/blog\/wp-json\/wp\/v2\/users\/2"}],"replies":[{"embeddable":true,"href":"https:\/\/www.osvaldo.com\/blog\/wp-json\/wp\/v2\/comments?post=493"}],"version-history":[{"count":4,"href":"https:\/\/www.osvaldo.com\/blog\/wp-json\/wp\/v2\/posts\/493\/revisions"}],"predecessor-version":[{"id":500,"href":"https:\/\/www.osvaldo.com\/blog\/wp-json\/wp\/v2\/posts\/493\/revisions\/500"}],"wp:featuredmedia":[{"embeddable":true,"href":"https:\/\/www.osvaldo.com\/blog\/wp-json\/wp\/v2\/media\/498"}],"wp:attachment":[{"href":"https:\/\/www.osvaldo.com\/blog\/wp-json\/wp\/v2\/media?parent=493"}],"wp:term":[{"taxonomy":"category","embeddable":true,"href":"https:\/\/www.osvaldo.com\/blog\/wp-json\/wp\/v2\/categories?post=493"},{"taxonomy":"post_tag","embeddable":true,"href":"https:\/\/www.osvaldo.com\/blog\/wp-json\/wp\/v2\/tags?post=493"}],"curies":[{"name":"wp","href":"https:\/\/api.w.org\/{rel}","templated":true}]}}