{"id":502,"date":"2017-04-22T22:30:31","date_gmt":"2017-04-23T03:00:31","guid":{"rendered":"http:\/\/www.osvaldo.com\/blog\/?p=502"},"modified":"2018-01-14T17:26:37","modified_gmt":"2018-01-14T21:26:37","slug":"que-equivocado-estaba","status":"publish","type":"post","link":"https:\/\/www.osvaldo.com\/blog\/que-equivocado-estaba\/","title":{"rendered":"Qu\u00e9 equivocado estaba"},"content":{"rendered":"<p>Un amigo, que vive en Francia, me dijo hoy que los CLAP son una \u00abrespuesta para dar al pueblo los alimentos que nos niega la guerra economica, como parte de la cartilla &#8216;revoluciones de colores&#8217; made in gringolandia\u00bb.<\/p>\n<p>Mi respuesta:<\/p>\n<p>Oh&#8230; \u00bfEran para eso? Qu\u00e9 buena idea. Yo pensaba que era una actividad populista y clientelar organizada como un mecanismo para ilusionar a la gente tratando de mantener el poder por el poder, pero ahora entiendo que como \u00faltimamente no hay mucho dinero, gracias a la baja de los precios del petr\u00f3leo, producto de la conspiraci\u00f3n de los poderes econ\u00f3micos del mundo contra la revoluci\u00f3n bonita, yo veo a diario familias hurgando en la basura frente a mi casa para poder comer.<\/p>\n<p>Debe ser por la falta de ingresos en nuestra balanza de pago y no porque nuestra pol\u00edtica de desarrollo end\u00f3geno a\u00fan, tras 18 a\u00f1os, no ha podido cuajar bien, t\u00fa sabes, vainas de la guerra econ\u00f3mica que nos tiene montado el capitalismo mundial. Yo que pensaba que los boliburgueses se embolsillaban la plata. \u00a1Qu\u00e9 errado estaba!<\/p>\n<p>Debe ser por estas razones que cuando llega la bolsa del CLAP, si es que llega, m\u00e1s de la mitad de los productos son importados. Porque los poderes oscuros del mundo han saboteado la siembra de arroz en Guanare y tienen que repartir Nestea y Ketchup brasilero, que terminan en la venta del mercado negro. (Les debe doler, \u00a1tanto que se preocupan ellos por la nutrici\u00f3n de su pueblo!).<\/p>\n<p>En fin, yo tuve un mal sue\u00f1o estos d\u00edas, donde viv\u00eda bajo los designios de un gobierno populista que pretende mantener el poder por el poder y que lanzaba gases lacrim\u00f3genos a la gente desde un helic\u00f3ptero y me dec\u00eda que yo (\u00bfyo?) pertenezco a las m\u00e1s bajas miasmas del r\u00edo Guaire.<\/p>\n","protected":false},"excerpt":{"rendered":"<p>Un amigo, que vive en Francia, me dijo hoy que los CLAP son una \u00abrespuesta para dar al pueblo los alimentos que [&hellip;]<\/p>\n","protected":false},"author":2,"featured_media":599,"comment_status":"open","ping_status":"open","sticky":false,"template":"","format":"standard","meta":{"footnotes":""},"categories":[10,24],"tags":[121,122,123,43],"class_list":["post-502","post","type-post","status-publish","format-standard","has-post-thumbnail","hentry","category-experiencias","category-opinion","tag-clap","tag-guaire","tag-guerra-economica","tag-venezuela"],"_links":{"self":[{"href":"https:\/\/www.osvaldo.com\/blog\/wp-json\/wp\/v2\/posts\/502","targetHints":{"allow":["GET"]}}],"collection":[{"href":"https:\/\/www.osvaldo.com\/blog\/wp-json\/wp\/v2\/posts"}],"about":[{"href":"https:\/\/www.osvaldo.com\/blog\/wp-json\/wp\/v2\/types\/post"}],"author":[{"embeddable":true,"href":"https:\/\/www.osvaldo.com\/blog\/wp-json\/wp\/v2\/users\/2"}],"replies":[{"embeddable":true,"href":"https:\/\/www.osvaldo.com\/blog\/wp-json\/wp\/v2\/comments?post=502"}],"version-history":[{"count":4,"href":"https:\/\/www.osvaldo.com\/blog\/wp-json\/wp\/v2\/posts\/502\/revisions"}],"predecessor-version":[{"id":506,"href":"https:\/\/www.osvaldo.com\/blog\/wp-json\/wp\/v2\/posts\/502\/revisions\/506"}],"wp:featuredmedia":[{"embeddable":true,"href":"https:\/\/www.osvaldo.com\/blog\/wp-json\/wp\/v2\/media\/599"}],"wp:attachment":[{"href":"https:\/\/www.osvaldo.com\/blog\/wp-json\/wp\/v2\/media?parent=502"}],"wp:term":[{"taxonomy":"category","embeddable":true,"href":"https:\/\/www.osvaldo.com\/blog\/wp-json\/wp\/v2\/categories?post=502"},{"taxonomy":"post_tag","embeddable":true,"href":"https:\/\/www.osvaldo.com\/blog\/wp-json\/wp\/v2\/tags?post=502"}],"curies":[{"name":"wp","href":"https:\/\/api.w.org\/{rel}","templated":true}]}}