{"id":520,"date":"2017-12-09T22:43:43","date_gmt":"2017-12-10T03:13:43","guid":{"rendered":"http:\/\/www.osvaldo.com\/blog\/?p=520"},"modified":"2018-01-14T17:05:58","modified_gmt":"2018-01-14T21:05:58","slug":"pourquoi-vous-fachez-vous-monsieur-melenchon","status":"publish","type":"post","link":"https:\/\/www.osvaldo.com\/blog\/pourquoi-vous-fachez-vous-monsieur-melenchon\/","title":{"rendered":"Pourquoi vous f\u00e2chez-vous, monsieur M\u00e9lenchon?"},"content":{"rendered":"<p>Du Venezuela on a suivi par YouTube la tentative de d\u00e9bat que le d\u00e9put\u00e9 Jean Luc M\u00e9lenchon a eu avec Laurence Debray, sur la situation de notre pays le 30 novembre \u00e0 la t\u00e9l\u00e9vision publique fran\u00e7aise. Il \u00e9tait particuli\u00e8rement bizarre la fa\u00e7on dont l&#8217;ancien candidat \u00e0 la pr\u00e9sidence a mont\u00e9 en col\u00e8re lorsque l&#8217;historienne, dont la famille est v\u00e9n\u00e9zu\u00e9lienne, lui a demand\u00e9 s\u2019il ne se sentait pas du mauvais c\u00f4t\u00e9, en soutenant et en louant les gouvernements de Chavez et de Maduro, apr\u00e8s avoir donn\u00e9 quelques exemples des diverses situations que les V\u00e9n\u00e9zu\u00e9liens doivent endurer dans leur vie quotidienne.<\/p>\n<p>Le politicien fran\u00e7ais a expliqu\u00e9 qu&#8217;il a soutenu le gouvernement de Ch\u00e1vez parce qu&#8217;il a suppos\u00e9 comme une politique fondamentale de distribuer le revenu de p\u00e9trole dans les programmes sociaux pour les pauvres, au lieu de le garder dans ses propres poches. \u00c0 quel point M. M\u00e9lenchon s&#8217;est tromp\u00e9! Et en tant que V\u00e9n\u00e9zu\u00e9lien qui vit et souffre dans cette terre, je suis pouss\u00e9 \u00e0 dire plusieurs choses \u00e0 ce sujet.<\/p>\n<p><iframe loading=\"lazy\" src=\"https:\/\/www.youtube.com\/embed\/hwkaChJ3PoA\" width=\"560\" height=\"315\" frameborder=\"0\" allowfullscreen=\"allowfullscreen\"><\/iframe><\/p>\n<p>Se pourrait-il que le d\u00e9put\u00e9 n&#8217;attire pas l&#8217;attention sur PDVSA, la compagnie p\u00e9troli\u00e8re v\u00e9n\u00e9zu\u00e9lienne dont le seul actionnaire est l&#8217;Etat, apr\u00e8s avoir eu, entre 2010 et 2014, les revenus les plus \u00e9lev\u00e9s de toute son histoire, gr\u00e2ce \u00e0 la hausse des prix du p\u00e9trole, et aujourd&#8217;hui il n&#8217;a aucun moyen de payer ses dettes?<\/p>\n<p>Au cours des 14 premi\u00e8res ann\u00e9es du gouvernement Chavez (1999-2013), le montant des recettes provenant des ventes de p\u00e9trole entr\u00e9 au Venezuela \u00e9tait trois fois plus que celui re\u00e7u au cours des 20 ann\u00e9es pr\u00e9c\u00e9dentes (1979-1998). Avec ces chiffres, au moins la question est \u00e9vidente pour moi: o\u00f9 est cet argent?<\/p>\n<p>\u00c0 quels programmes sociaux M. le d\u00e9put\u00e9 se r\u00e9f\u00e9rera-t-il? Parce que chaque jour je vois des gens fouiller dans les poubelles au coin pr\u00e8s de ma maison \u00e0 la recherche de quelque chose \u00e0 manger; car il y a un mois je suis tomb\u00e9 malade et ma femme et moi avons pass\u00e9 trois jours \u00e0 chercher les antibiotiques indiqu\u00e9s en pharmacie et quand on les a finalement trouv\u00e9s, le prix qu\u2019on a d\u00fb payer pour une semaine de traitement \u00e9quivaut \u00e0 un seul mois de mon salaire comme professeur.<\/p>\n<p>Non. Ce n&#8217;est pas une invention de l&#8217;imp\u00e9rialisme yankee. Non monsieur! Nous, les V\u00e9n\u00e9zu\u00e9liens, traversons des dures \u00e9preuves. Dans chaque strate socio-\u00e9conomique, des plus riches aux plus vuln\u00e9rables, on a vu notre situation se d\u00e9grader de mani\u00e8re drastique, en particulier au cours des trois derni\u00e8res ann\u00e9es.<\/p>\n<p>Il semble que M. M\u00e9lenchon ignore qu&#8217;au Venezuela il y a des enfants qui meurent tous les jours \u00e0 cause de la malnutrition et que l&#8217;\u00c9tat a perdu toute capacit\u00e9 de soigner des patients atteints de maladies chroniques comme le cancer, le sida, le diab\u00e8te ou les maladies r\u00e9nales ou les h\u00e9patiques.<\/p>\n<p>Et pourtant, le vice-pr\u00e9sident El Aissami a d\u00e9clar\u00e9 que les vaccins seront fournis uniquement aux citoyens qui aient le \u00abCarnet de la Patria\u00bb, c&#8217;est-\u00e0-dire que seuls les adeptes du gouvernement auront le droit de se faire vacciner. Face \u00e0 cette r\u00e9alit\u00e9, plusieurs pays et des organisations internationales ont offert une aide humanitaire et le gouvernement v\u00e9n\u00e9zu\u00e9lien refuse d\u2019en accepter car il semble que la famine est devenue un m\u00e9canisme de contr\u00f4le de la population.<\/p>\n<p>Sera-t-il possible que le d\u00e9put\u00e9 M\u00e9lenchon n&#8217;aiet pas vu le nombre d&#8217;homicides? La violence dans nos rues prolif\u00e8re chaque ann\u00e9e. Au cours de l&#8217;ann\u00e9e 2016, un v\u00e9n\u00e9zu\u00e9lien a \u00e9t\u00e9 tu\u00e9 toutes les 19 minutes avec un taux de 91,8 morts violentes pour 100 000 habitants. Et je me demande si l&#8217;explication de ce ph\u00e9nom\u00e8ne est que c&#8217;est une politique publique qui vise \u00e0 garder la population v\u00e9n\u00e9zu\u00e9lienne vivant dans un \u00e9tat de peur permanent.<\/p>\n<p>Dans le d\u00e9bat, le Seigneur M\u00e9lenchon a \u00e9galement fait appel \u00e0 l\u2019esprit d\u00e9mocratique d&#8217;Hugo Chavez \u00e0 encourager et \u00e0 gagner de fa\u00e7on permanente les \u00e9lections et les r\u00e9f\u00e9rendums pour consulter la population. \u00c0 cet \u00e9gard, le d\u00e9put\u00e9 semble oublier qu&#8217;au moins pendant 15 ans, le Conseil national \u00e9lectoral a \u00e9t\u00e9 dirig\u00e9 par des gens ouvertement sympathisants ou des militants du parti au pouvoir. Et en effet, ils ont organis\u00e9 des \u00e9lections comme ils savent qu&#8217;ils peuvent gagner. L&#8217;an dernier, l&#8217;opposition a appel\u00e9 \u00e0 un r\u00e9f\u00e9rendum r\u00e9vocatoire contre Maduro et le Conseil \u00e9lectoral, par des retards inutiles et des excuses futiles, a ni\u00e9 au peuple v\u00e9n\u00e9zu\u00e9lien un droit qui est inscrit dans la Constitution de la R\u00e9publique.<\/p>\n<p>En outre, bien que dans le texte de votre blog, M- M\u00e9lenchon, vous parlez de la pluralit\u00e9 et de l&#8217;ouverture des m\u00e9dias v\u00e9n\u00e9zu\u00e9liens, la r\u00e9alit\u00e9 est qu&#8217;il existe aujourd&#8217;hui une h\u00e9g\u00e9monie m\u00e9diatique qui, \u00e0 quelques exceptions pr\u00e8s, ne montre que la vision id\u00e9ologique du chavisme. Les moyens qui ont maintenu une position ouvertement oppos\u00e9e sont press\u00e9s par divers m\u00e9canismes fiscaux ou juridiques. M\u00eame menac\u00e9s.<\/p>\n<p>En ce sens, les cas les plus connus sont peut-\u00eatre la fermeture de RCTV, la plus ancienne cha\u00eene de t\u00e9l\u00e9vision priv\u00e9e du pays, en ne renouvelant pas sa concession en mai 2007 et la fermeture des stations de radio du circuit CNB en 2009, \u00e0 travers lequel un programme ouvertement quotidien d&#8217;opposition avait \u00e9t\u00e9 transmis. En outre, pour \u00e9viter la mauvaise presse internationale g\u00e9n\u00e9r\u00e9e par la fermeture des m\u00e9dias, ces derni\u00e8res ann\u00e9es, des journaux de diffusion nationale et des stations de radio ou de t\u00e9l\u00e9vision ont \u00e9t\u00e9 achet\u00e9s par des groupes li\u00e9s au gouvernement, modifiant radicalement leur ligne \u00e9ditoriale.<\/p>\n<p>Cependant, malgr\u00e9 le co\u00fbt de sa cr\u00e9dibilit\u00e9 devant l&#8217;opinion publique, depuis 2014, l&#8217;entr\u00e9e du pays \u00e0 divers journalistes internationaux a \u00e9t\u00e9 ni\u00e9e, dont Laurence Debray, et par ordre de l&#8217;entit\u00e9 qui r\u00e9glemente les t\u00e9l\u00e9communications au Venezuela, les signaux CNN en espagnol et d&#8217;autres canaux d&#8217;information internationaux ont \u00e9t\u00e9 \u00e9limin\u00e9s des syst\u00e8mes de c\u00e2blodistribution dans notre pays.<\/p>\n<p>Ainsi, lorsqu&#8217;il y a des \u00e9lections nationales, au Venezuela il y a un d\u00e9s\u00e9quilibre flagrant dans les m\u00e9dias sociaux et les candidats du parti gouvernemental re\u00e7oivent une plus grande visibilit\u00e9 dans les m\u00e9dias auxquels les adversaires sont confront\u00e9s.<\/p>\n<p>Les libert\u00e9s civiles sont franchement limit\u00e9es au Venezuela. Avec plus de 120 morts, au cours des manifestations de cette ann\u00e9e, les forces de s\u00e9curit\u00e9 ont tir\u00e9 des gaz lacrymog\u00e8nes \u00e0 partir d&#8217;h\u00e9licopt\u00e8res, utilis\u00e9 des balles de plomb \u00e0 plusieurs reprises, forc\u00e9 les manifestants \u00e0 p\u00e9n\u00e9trer dans les eaux du principal \u00e9gout de la ville capitale. En ao\u00fbt, l&#8217;OEA et l&#8217;ONG Foro Penal Venezolano (Forum p\u00e9nal v\u00e9n\u00e9zu\u00e9lien) ont rejoint plus de 600 prisonniers politiques dans le pays.<\/p>\n<p>Ces m\u00eames organisations, le 29 novembre dernier, signalent toujours 299 prisonniers d&#8217;opinion. Cette situation remet en question les droits de l&#8217;homme de nos citoyens, c&#8217;est le moins qu&#8217;on puisse dire. \u00c0 cet \u00e9gard, le 10 d\u00e9cembre, \u00e0 l&#8217;occasion de la Journ\u00e9e internationale des droits de l&#8217;homme, l&#8217;Organisation des Nations Unies a publi\u00e9 une liste o\u00f9 le Venezuela classe 143 sur 163 dans le classement des pays qui respectent l&#8217;\u00e9quit\u00e9, la justice et la dignit\u00e9 humaine.<\/p>\n<p>Certes, devant ces arguments, M. M\u00e9lenchon fera appel \u00e0 la vieille strat\u00e9gie d&#8217;annulation du messager, en utilisant l&#8217;argument ad hominem de l&#8217;interlocuteur pay\u00e9 par le gouvernement am\u00e9ricain ou par \u00abl&#8217;extr\u00eame droite\u00bb v\u00e9n\u00e9zu\u00e9lienne, comme il l&#8217;a fait avec Mme Debray, alors qu&#8217;il a compl\u00e8tement perdu ses mani\u00e8res. Je pourrais lui dire qu&#8217;il devrait breveter une bo\u00eete de bruit comme les vaches qui au lieu de sonner \u00abMuhu\u00bb dirait \u00abImp\u00e9rialisme Yankiiiiiii\u00bb, mais ce serait une r\u00e9ponse idiote sans n&#8217;importe quel engagement. Non. Face \u00e0 cet argument, je mets simplement ma parole. Je suis une personne d&#8217;engagement social, personne ne me paie pour dire ce que je pense et je n&#8217;affirme jamais des choses avec lesquelles je ne suis pas d&#8217;accord. Cependant, s&#8217;il y a un ch\u00e8que pour moi au D\u00e9partement d&#8217;\u00c9tat am\u00e9ricain, je l&#8217;aimerais bien parce que, je n&#8217;ai pas honte de le dire, hier soir j&#8217;ai mang\u00e9 de l&#8217;arepa sans jambon ni fromage parce que je n&#8217;avais rien pour le remplir.<\/p>\n<p>A la fin du d\u00e9bat sur le Venezuela, le d\u00e9put\u00e9 M\u00e9lenchon a demand\u00e9 \u00e0 Laurence Debray qu&#8217;il aimerait savoir comment vit la famille Burgos au Venezuela. Eh bien, me voil\u00e0, monsieur M\u00e9lenchon, je m&#8217;appelle Osvaldo Burgos, je suis le cousin de Laurence Debray. J&#8217;ai un doctorat en communication et musique et 22 ans d&#8217;exp\u00e9rience en tant que professeur dans l&#8217;une des principales universit\u00e9s du pays et la nuit derni\u00e8re, je n&#8217;avais rien \u00e0 quoi remplir mon arepa. Aujourd&#8217;hui, mon salaire \u00e9quivaut \u00e0 6 dollars par mois, en prenant comme r\u00e9f\u00e9rence le prix du dollar au march\u00e9 noir, qui est le seul taux de change auquel les V\u00e9n\u00e9zu\u00e9liens ont acc\u00e8s, qu\u2019on n\u2019est pas li\u00e9s au gouvernement et avec lequel ce qui reste bouge du commerce dans le pays. Avec l&#8217;hyperinflation qu\u2019on vit au Venezuela, demain, mon salaire sera encore mineur que maintenant.<\/p>\n<p>Si le d\u00e9put\u00e9 ne me croit pas, je l&#8217;invite \u00e0 venir s\u00e9journer quelque temps dans ce Venezuela que les socialistes autoproclam\u00e9s du XXIe si\u00e8cle ont construit et, oui, il aime bien, je propose que l\u2019on \u00e9change de maison et je d\u00e9m\u00e9nage \u00e0 Paris et lui, il reste \u00e0 Caracas. Peut-\u00eatre qu&#8217;au milieu de l&#8217;ann\u00e9e prochaine, j&#8217;aurai un croissant le dimanche apr\u00e8s avoir fait de l&#8217;exercice avec ma femme au Jardin du Luxembourg alors qu&#8217;il ferait la queue pour acheter un kilo de p\u00e2tes dans un supermarch\u00e9 combl\u00e9 de gens au centre-ville.<\/p>\n<p>Enfin, comme M. M\u00e9lenchon semble \u00eatre un chevalier, je lui demanderais de ne pas mentionner ma grand-m\u00e8re sur son blog. Elle est morte il y a 17 ans et heureusement, elle n&#8217;a jamais manqu\u00e9 de papier toilette\u2026<\/p>\n<p>Traduction en fra\u00e7ais: Enrique Marcano<\/p>\n","protected":false},"excerpt":{"rendered":"<p>Du Venezuela on a suivi par YouTube la tentative de d\u00e9bat que le d\u00e9put\u00e9 Jean Luc M\u00e9lenchon a eu avec Laurence Debray, [&hellip;]<\/p>\n","protected":false},"author":2,"featured_media":597,"comment_status":"open","ping_status":"open","sticky":false,"template":"","format":"standard","meta":{"footnotes":""},"categories":[24],"tags":[134,135,133,132,43],"class_list":["post-520","post","type-post","status-publish","format-standard","has-post-thumbnail","hentry","category-opinion","tag-debray","tag-jean-luc-melenchon","tag-laurence-debray","tag-melenchon","tag-venezuela"],"_links":{"self":[{"href":"https:\/\/www.osvaldo.com\/blog\/wp-json\/wp\/v2\/posts\/520","targetHints":{"allow":["GET"]}}],"collection":[{"href":"https:\/\/www.osvaldo.com\/blog\/wp-json\/wp\/v2\/posts"}],"about":[{"href":"https:\/\/www.osvaldo.com\/blog\/wp-json\/wp\/v2\/types\/post"}],"author":[{"embeddable":true,"href":"https:\/\/www.osvaldo.com\/blog\/wp-json\/wp\/v2\/users\/2"}],"replies":[{"embeddable":true,"href":"https:\/\/www.osvaldo.com\/blog\/wp-json\/wp\/v2\/comments?post=520"}],"version-history":[{"count":6,"href":"https:\/\/www.osvaldo.com\/blog\/wp-json\/wp\/v2\/posts\/520\/revisions"}],"predecessor-version":[{"id":596,"href":"https:\/\/www.osvaldo.com\/blog\/wp-json\/wp\/v2\/posts\/520\/revisions\/596"}],"wp:featuredmedia":[{"embeddable":true,"href":"https:\/\/www.osvaldo.com\/blog\/wp-json\/wp\/v2\/media\/597"}],"wp:attachment":[{"href":"https:\/\/www.osvaldo.com\/blog\/wp-json\/wp\/v2\/media?parent=520"}],"wp:term":[{"taxonomy":"category","embeddable":true,"href":"https:\/\/www.osvaldo.com\/blog\/wp-json\/wp\/v2\/categories?post=520"},{"taxonomy":"post_tag","embeddable":true,"href":"https:\/\/www.osvaldo.com\/blog\/wp-json\/wp\/v2\/tags?post=520"}],"curies":[{"name":"wp","href":"https:\/\/api.w.org\/{rel}","templated":true}]}}