{"id":81,"date":"2009-05-18T11:37:44","date_gmt":"2009-05-18T09:37:44","guid":{"rendered":"http:\/\/www.osvaldo.com\/blog\/?p=81"},"modified":"2009-05-18T12:29:17","modified_gmt":"2009-05-18T10:29:17","slug":"te-podes-marchar-tranquilo","status":"publish","type":"post","link":"https:\/\/www.osvaldo.com\/blog\/te-podes-marchar-tranquilo\/","title":{"rendered":"Te pod\u00e9s marchar tranquilo"},"content":{"rendered":"<p class=\"MsoNormal\" style=\"text-align: left;\"><em>A Mario Benedetti<\/em><\/p>\n<p class=\"MsoNormal\">\u00bfPor qu\u00e9 te has ido poeta?<br \/>\n\u00bfCu\u00e1nto habremos de extra\u00f1arte?<\/p>\n<p class=\"MsoNormal\">Seguir\u00e1s con nosotros,<br \/>\njunto a cada flor,<br \/>\njunto a cada sonrisa.<\/p>\n<p class=\"MsoNormal\">Cada vez que se haga una declaraci\u00f3n de amor,<br \/>\npor la vida,<br \/>\npor la humanidad,<br \/>\npor la pareja,<br \/>\nvos estar\u00e1s all\u00ed.<\/p>\n<p class=\"MsoNormal\">Tu cielo cubre hasta el \u00faltimo lugar donde se hable espa\u00f1ol,<br \/>\nes inmenso y peque\u00f1o a la vez.<br \/>\nTodo tu verbo cabe\u00a0en ese rinc\u00f3n estrecho donde nacen los \u201cte quiero\u201d,<br \/>\nen el seno mismo del lugar donde uno se enamora.<\/p>\n<p class=\"MsoNormal\">Gracias poeta,<br \/>\npor tu compa\u00f1\u00eda y tus palabras,<br \/>\npor esas vivencias,<br \/>\npor las que vendr\u00e1n,<br \/>\ngracias por prestarnos un poquito de tu esencia,<br \/>\ngracias por dejarla toda antes de irte.<\/p>\n<p class=\"MsoNormal\">Por ello te qued\u00e1s aqu\u00ed,<br \/>\nno part\u00eds, y aunque no est\u00e1s,<br \/>\nte pod\u00e9s marchar tranquilo,<br \/>\nporque somos mucho m\u00e1s que dos,<br \/>\ny podemos contar contigo.<\/p>\n","protected":false},"excerpt":{"rendered":"<p>A Mario Benedetti \u00bfPor qu\u00e9 te has ido poeta? \u00bfCu\u00e1nto habremos de extra\u00f1arte? Seguir\u00e1s con nosotros, junto a cada flor, junto a [&hellip;]<\/p>\n","protected":false},"author":2,"featured_media":0,"comment_status":"open","ping_status":"open","sticky":false,"template":"","format":"standard","meta":{"footnotes":""},"categories":[13],"tags":[12,140],"class_list":["post-81","post","type-post","status-publish","format-standard","hentry","category-poesia","tag-benedetti","tag-poesia"],"_links":{"self":[{"href":"https:\/\/www.osvaldo.com\/blog\/wp-json\/wp\/v2\/posts\/81","targetHints":{"allow":["GET"]}}],"collection":[{"href":"https:\/\/www.osvaldo.com\/blog\/wp-json\/wp\/v2\/posts"}],"about":[{"href":"https:\/\/www.osvaldo.com\/blog\/wp-json\/wp\/v2\/types\/post"}],"author":[{"embeddable":true,"href":"https:\/\/www.osvaldo.com\/blog\/wp-json\/wp\/v2\/users\/2"}],"replies":[{"embeddable":true,"href":"https:\/\/www.osvaldo.com\/blog\/wp-json\/wp\/v2\/comments?post=81"}],"version-history":[{"count":10,"href":"https:\/\/www.osvaldo.com\/blog\/wp-json\/wp\/v2\/posts\/81\/revisions"}],"predecessor-version":[{"id":91,"href":"https:\/\/www.osvaldo.com\/blog\/wp-json\/wp\/v2\/posts\/81\/revisions\/91"}],"wp:attachment":[{"href":"https:\/\/www.osvaldo.com\/blog\/wp-json\/wp\/v2\/media?parent=81"}],"wp:term":[{"taxonomy":"category","embeddable":true,"href":"https:\/\/www.osvaldo.com\/blog\/wp-json\/wp\/v2\/categories?post=81"},{"taxonomy":"post_tag","embeddable":true,"href":"https:\/\/www.osvaldo.com\/blog\/wp-json\/wp\/v2\/tags?post=81"}],"curies":[{"name":"wp","href":"https:\/\/api.w.org\/{rel}","templated":true}]}}